{"id":131654,"date":"2024-03-11T08:19:43","date_gmt":"2024-03-11T11:19:43","guid":{"rendered":"https:\/\/corrientesdetarde.com\/?p=131654"},"modified":"2024-03-11T08:20:28","modified_gmt":"2024-03-11T11:20:28","slug":"gobernador-valdes-con-el-equilibrio-fiscal-no-alcanza-hay-que-motorizar-la-economia","status":"publish","type":"post","link":"https:\/\/corrientesdetarde.com\/index.php\/informacion-general\/gobernador-valdes-con-el-equilibrio-fiscal-no-alcanza-hay-que-motorizar-la-economia\/","title":{"rendered":"Gobernador Valdes: &#8220;Con el equilibrio fiscal no alcanza; hay que motorizar la econom\u00eda&#8221;"},"content":{"rendered":"\n<p>Fue una reuni\u00f3n de m\u00e1s de cuatro horas entre los gobernadores y el jefe de Gabinete de la Naci\u00f3n, Nicol\u00e1s Posse. Desde la Casa Rosada buscan reflotar la Ley de Bases, y las provincias mejorar la distribuci\u00f3n de los recursos. Si bien no hay consenso con la restituci\u00f3n de Ganancias, para Gustavo Vald\u00e9s anticip\u00f3 este fin de semana que s\u00ed hay coincidencias en rediscutir la distribuci\u00f3n de recursos y en motorizar las econom\u00edas regionales.<\/p>\n\n\n\n<p>El correntino explic\u00f3 que el Gobierno Nacional propone volver al tratamiento del paquete fiscal y la Ley de Bases que naufrag\u00f3 en febrero pasado en la C\u00e1mara de Diputados de la Naci\u00f3n y que deton\u00f3 las relaciones del Presidente de la Naci\u00f3n con los gobernadores. El di\u00e1logo institucional estuvo tan marchito que las transferencias discrecionales cayeron un 98% en enero y las provincias de la Patagonia levantaron la voz en bloque para evitar la quita de puntos coparticipaci\u00f3n a Chubut por la ejecuci\u00f3n de la garant\u00eda de una deuda con el Estado Nacional.<\/p>\n\n\n\n<p>El viernes, lentamente emergieron nuevos reto\u00f1os. Los gobernadores, algunos m\u00e1s conciliadores y otros menos, volcaron sobre la mesa discusiones a las cuales el titular del Ejecutivo Provincial de Corrientes calific\u00f3 de positivas. Presidida por Posse, de la reuni\u00f3n de trabajo tambi\u00e9n particip\u00f3 el ministro del Interior de la Naci\u00f3n, Guillermo Francos. Javier Milei no estuvo presente.<\/p>\n\n\n\n<p>Vald\u00e9s minimiz\u00f3 la ausencia. &#8220;Necesitamos resolver los problemas, con o sin el Presidente&#8221;, expres\u00f3 el correntino en declaraciones a radio CNN, y se anot\u00f3 para participar del encuentro en C\u00f3rdoba donde se pretende la firma de un documento denominado Pacto de Mayo.<\/p>\n\n\n\n<p>El di\u00e1logo institucional estuvo tan marchito que las transferencias discrecionales cayeron un 98% en enero, pero tambi\u00e9n aclar\u00f3 que a\u00fan hay un arduo camino por transitar. Es que hay heterogeneidad en las realidades de cada jurisdicci\u00f3n y diferentes puntos de vista sobre el tratamiento de las normas que Naci\u00f3n intenta llevar de nuevo al recinto.<\/p>\n\n\n\n<p>Asegur\u00f3 que &#8220;no hay consenso para avanzar&#8221; con la restituci\u00f3n de la cuarta categor\u00eda del Impuesto a las Ganancias, aunque no descart\u00f3 que los legisladores del oficialismo provincial respalden la norma, de llegar a debate. No obstante, en t\u00e9rminos pol\u00edticos consider\u00f3 que ser\u00eda dif\u00edcil que obtenga el apoyo necesario para su dictamen y aprobaci\u00f3n en el Congreso de la Naci\u00f3n.<\/p>\n\n\n\n<p>S\u00ed evalu\u00f3 que existan acuerdos en temas de base. &#8220;Hay consenso en reestructurar el Estado y que pueda haber compensaciones, que pueda haber mayor distribuci\u00f3n, que sea una distribuci\u00f3n m\u00e1s equitativa y que dinamicemos, fundamentalmente, la producci\u00f3n, la industrializaci\u00f3n y, en definitiva, la econom\u00eda&#8221;, expres\u00f3 Gustavo Vald\u00e9s este fin de semana la radio porte\u00f1a.<\/p>\n\n\n\n<p>&#8220;Solamente con el equilibrio fiscal no alcanza. Es un norte, es fundamental, pero hay que ir m\u00e1s all\u00e1. Tenemos que ir m\u00e1s all\u00e1&#8221;, sopes\u00f3 el Gobernador de Corrientes. &#8220;Tenemos que mirar hacia el lado productivo. Qu\u00e9 hacemos con el campo y con la industria para motorizar ese gran potencial que tiene Argentina&#8221;, enfatiz\u00f3. &#8220;Los gobernadores estamos mayormente preocupados por las econom\u00edas regionales que son el gran motor de Argentina&#8221;, asever\u00f3 el Mandatario como uno de los temas centrales.<\/p>\n\n\n\n<p>Para varios mandatarios hay preocupaci\u00f3n sobre c\u00f3mo se reflotar\u00e1 la econom\u00eda luego del ajuste de las cuentas p\u00fablicas.<\/p>\n\n\n\n<h2 class=\"wp-block-heading\">Ganancias<\/h2>\n\n\n\n<p>Al no existir consenso para bajar el piso a $1,5 mill\u00f3n de los asalariados que deben tributar Ganancias, el proyecto podr\u00eda no llegar al recinto. Ahora bien, respecto de los mecanismos de compensaci\u00f3n, Vald\u00e9s omiti\u00f3 dar sugerencias ya que es el &#8220;Estado Nacional el que tiene que compensar la detracci\u00f3n de los fondos coparticipables&#8221; correspondientes a este impuesto.<\/p>\n\n\n\n<p>&#8220;De lo contrario, tarde o temprano, las demandas que tenemos las provincias contra Naci\u00f3n van a prosperar&#8221;. Corrientes fue una de las jurisdicciones en presentar un planteo ante la Corte Suprema de Justicia por esta reforma.<\/p>\n\n\n\n<p>El Mandatario record\u00f3 que dichas compensaciones est\u00e1n dentro del acuerdo fiscal que firmaron las provincias con Naci\u00f3n. &#8220;La Naci\u00f3n est\u00e1 obligada a compensar a las provincias argentinas lo que detrajo de masa coparticipable, si no las que tenemos las mayores responsabilidades terminamos con menos recursos&#8221;, dijo Vald\u00e9s respecto de los servicios como educaci\u00f3n, salud y seguridad.<\/p>\n\n\n\n<p>&#8220;Despu\u00e9s vemos los despilfarros que ocurren en el Gobierno de la Naci\u00f3n con los recursos de las provincias&#8221;, apunt\u00f3. &#8220;Vemos organismos con 40.000 y 50.000 personas que no se sabe qu\u00e9 hacen, a d\u00f3nde van los recursos. Hay asesores que cobran m\u00e1s que los senadores&#8221;, se\u00f1al\u00f3 el titular del Ejecutivo Provincial. &#8220;Tenemos que tener una Argentina m\u00e1s razonable&#8221;, asever\u00f3.<\/p>\n\n\n\n<p>En contraposici\u00f3n, el Mandatario record\u00f3 que &#8220;la Provincia tiene equilibrio fiscal hace casi 20 a\u00f1os&#8221; y que existe preocupaci\u00f3n en otras jurisdicciones, como en Santa Cruz.<\/p>\n\n\n\n<p>Sobre el ajuste que afecta a la poblaci\u00f3n, Vald\u00e9s evalu\u00f3: &#8220;La gente est\u00e1 aguantando, pero tiene esperanza porque es la primera vez que se propone una cuesti\u00f3n diferente con la verdad aunque sea cruda y descarnada&#8221;.<\/p>\n\n\n\n<p>&#8220;Tenemos que hacer el esfuerzo de viabilizar al nuevo Presidente, al nuevo Gobierno, para que logre lo que nosotros en Juntos por el Cambio dec\u00edamos a los argentinos era el camino&#8221;, expres\u00f3.<\/p>\n\n\n\n<h2 class=\"wp-block-heading\">Puerto<\/h2>\n\n\n\n<p>El gobernador Gustavo Vald\u00e9s junto al intendente Eduardo Tassano inaugurar\u00e1n hoy a las 10 en la capital provincial el paseo de compras El Puerto. La obra se encuentra sobre avenida Juan Torres de Vera, entre las calles La Rioja y Salta. La iniciativa se enmarca en el proyecto de modernizaci\u00f3n de la Costanera General San Mart\u00edn. Se dio inicio en diciembre de 2022 con el traslado de los vendedores a un predio ubicado en la avenida Gregorio Pomar tras una demolici\u00f3n.<\/p>\n\n\n\n<p><\/p>\n","protected":false},"excerpt":{"rendered":"<p>Fue una reuni\u00f3n de m\u00e1s de cuatro horas entre los gobernadores y el jefe de Gabinete de la Naci\u00f3n, Nicol\u00e1s Posse. Desde la Casa Rosada buscan reflotar la Ley de&hellip; <\/p>\n","protected":false},"author":12,"featured_media":102231,"comment_status":"closed","ping_status":"open","sticky":false,"template":"","format":"standard","meta":{"footnotes":""},"categories":[1],"tags":[],"class_list":["post-131654","post","type-post","status-publish","format-standard","has-post-thumbnail","hentry","category-informacion-general"],"_links":{"self":[{"href":"https:\/\/corrientesdetarde.com\/index.php\/wp-json\/wp\/v2\/posts\/131654","targetHints":{"allow":["GET"]}}],"collection":[{"href":"https:\/\/corrientesdetarde.com\/index.php\/wp-json\/wp\/v2\/posts"}],"about":[{"href":"https:\/\/corrientesdetarde.com\/index.php\/wp-json\/wp\/v2\/types\/post"}],"author":[{"embeddable":true,"href":"https:\/\/corrientesdetarde.com\/index.php\/wp-json\/wp\/v2\/users\/12"}],"replies":[{"embeddable":true,"href":"https:\/\/corrientesdetarde.com\/index.php\/wp-json\/wp\/v2\/comments?post=131654"}],"version-history":[{"count":1,"href":"https:\/\/corrientesdetarde.com\/index.php\/wp-json\/wp\/v2\/posts\/131654\/revisions"}],"predecessor-version":[{"id":131656,"href":"https:\/\/corrientesdetarde.com\/index.php\/wp-json\/wp\/v2\/posts\/131654\/revisions\/131656"}],"wp:featuredmedia":[{"embeddable":true,"href":"https:\/\/corrientesdetarde.com\/index.php\/wp-json\/wp\/v2\/media\/102231"}],"wp:attachment":[{"href":"https:\/\/corrientesdetarde.com\/index.php\/wp-json\/wp\/v2\/media?parent=131654"}],"wp:term":[{"taxonomy":"category","embeddable":true,"href":"https:\/\/corrientesdetarde.com\/index.php\/wp-json\/wp\/v2\/categories?post=131654"},{"taxonomy":"post_tag","embeddable":true,"href":"https:\/\/corrientesdetarde.com\/index.php\/wp-json\/wp\/v2\/tags?post=131654"}],"curies":[{"name":"wp","href":"https:\/\/api.w.org\/{rel}","templated":true}]}}