{"id":131655,"date":"2024-03-11T08:25:26","date_gmt":"2024-03-11T11:25:26","guid":{"rendered":"https:\/\/corrientesdetarde.com\/?p=131655"},"modified":"2024-03-11T08:25:58","modified_gmt":"2024-03-11T11:25:58","slug":"gobernador-virasoro-salud-publica-fortalece-el-sistema-sanitario","status":"publish","type":"post","link":"https:\/\/corrientesdetarde.com\/index.php\/bienestar-y-salud\/gobernador-virasoro-salud-publica-fortalece-el-sistema-sanitario\/","title":{"rendered":"Gobernador Virasoro: Salud P\u00fablica fortalece el sistema sanitario"},"content":{"rendered":"\n<p>Ante trascendidos en medios nacionales, el Ministerio de Salud P\u00fablica de la Provincia informa a la comunidad que se hizo presente en la localidad de Gobernador Virasoro d\u00edas atr\u00e1s para coordinar y fortalecer junto al personal y directivos, el funcionamiento de todos los servicios del hospital de la localidad.&nbsp;<\/p>\n\n\n\n<p>En simult\u00e1neo, se intensificaron todas las acciones de control y prevenci\u00f3n del Dengue.<\/p>\n\n\n\n<p>Sobre este punto, hay que destacar que las primeras atenciones ante s\u00edntomas se llevan a cabo en las salas de atenci\u00f3n primaria dependientes de la Municipalidad de Virasoro.<\/p>\n\n\n\n<figure class=\"wp-block-image size-full\"><img loading=\"lazy\" decoding=\"async\" width=\"867\" height=\"778\" src=\"https:\/\/corrientesdetarde.com\/wp-content\/uploads\/2024\/03\/image-196.png\" alt=\"\" class=\"wp-image-131659\" srcset=\"https:\/\/corrientesdetarde.com\/wp-content\/uploads\/2024\/03\/image-196.png 867w, https:\/\/corrientesdetarde.com\/wp-content\/uploads\/2024\/03\/image-196-300x269.png 300w, https:\/\/corrientesdetarde.com\/wp-content\/uploads\/2024\/03\/image-196-768x689.png 768w\" sizes=\"auto, (max-width: 867px) 100vw, 867px\" \/><\/figure>\n","protected":false},"excerpt":{"rendered":"<p>Ante trascendidos en medios nacionales, el Ministerio de Salud P\u00fablica de la Provincia informa a la comunidad que se hizo presente en la localidad de Gobernador Virasoro d\u00edas atr\u00e1s para&hellip; <\/p>\n","protected":false},"author":12,"featured_media":131660,"comment_status":"closed","ping_status":"open","sticky":false,"template":"","format":"standard","meta":{"footnotes":""},"categories":[16],"tags":[],"class_list":["post-131655","post","type-post","status-publish","format-standard","has-post-thumbnail","hentry","category-bienestar-y-salud"],"_links":{"self":[{"href":"https:\/\/corrientesdetarde.com\/index.php\/wp-json\/wp\/v2\/posts\/131655","targetHints":{"allow":["GET"]}}],"collection":[{"href":"https:\/\/corrientesdetarde.com\/index.php\/wp-json\/wp\/v2\/posts"}],"about":[{"href":"https:\/\/corrientesdetarde.com\/index.php\/wp-json\/wp\/v2\/types\/post"}],"author":[{"embeddable":true,"href":"https:\/\/corrientesdetarde.com\/index.php\/wp-json\/wp\/v2\/users\/12"}],"replies":[{"embeddable":true,"href":"https:\/\/corrientesdetarde.com\/index.php\/wp-json\/wp\/v2\/comments?post=131655"}],"version-history":[{"count":1,"href":"https:\/\/corrientesdetarde.com\/index.php\/wp-json\/wp\/v2\/posts\/131655\/revisions"}],"predecessor-version":[{"id":131661,"href":"https:\/\/corrientesdetarde.com\/index.php\/wp-json\/wp\/v2\/posts\/131655\/revisions\/131661"}],"wp:featuredmedia":[{"embeddable":true,"href":"https:\/\/corrientesdetarde.com\/index.php\/wp-json\/wp\/v2\/media\/131660"}],"wp:attachment":[{"href":"https:\/\/corrientesdetarde.com\/index.php\/wp-json\/wp\/v2\/media?parent=131655"}],"wp:term":[{"taxonomy":"category","embeddable":true,"href":"https:\/\/corrientesdetarde.com\/index.php\/wp-json\/wp\/v2\/categories?post=131655"},{"taxonomy":"post_tag","embeddable":true,"href":"https:\/\/corrientesdetarde.com\/index.php\/wp-json\/wp\/v2\/tags?post=131655"}],"curies":[{"name":"wp","href":"https:\/\/api.w.org\/{rel}","templated":true}]}}