{"id":131692,"date":"2024-03-11T09:27:03","date_gmt":"2024-03-11T12:27:03","guid":{"rendered":"https:\/\/corrientesdetarde.com\/?p=131692"},"modified":"2024-03-11T09:27:07","modified_gmt":"2024-03-11T12:27:07","slug":"dengue-vecinos-apuntaron-contra-el-hospital-por-la-muerte-de-la-joven","status":"publish","type":"post","link":"https:\/\/corrientesdetarde.com\/index.php\/informacion-general\/dengue-vecinos-apuntaron-contra-el-hospital-por-la-muerte-de-la-joven\/","title":{"rendered":"DENGUE: VECINOS APUNTARON CONTRA EL HOSPITAL POR LA MUERTE DE LA JOVEN"},"content":{"rendered":"\n<p>En este caso, se trata de la joven&nbsp;Ludmila Rodr\u00edguez, de 18 a\u00f1os que&nbsp;falleci\u00f3 en&nbsp;Gobernador Virasoro&nbsp;debido al dengue. La noticia caus\u00f3&nbsp;un gran revuelo entre los vecinos, quienes mostraron su descontento y preocupaci\u00f3n por la atenci\u00f3n m\u00e9dica y la supuesta falta de insumos en el Hospital &#8220;Miguel Sussini&#8221;.<\/p>\n\n\n\n<p>Ludmila, estudiante del segundo a\u00f1o en el Colegio Secundario del Barrio 50 viviendas de Virasoro, fue diagnosticada con dengue. Aunque se desconoce la causa exacta de su muerte, los vecinos sospechan que puede haber sido a causa de complicaciones relacionadas con la enfermedad transmitida por el mosquito Aedes aegypti.<\/p>\n\n\n\n<p>La ciudad fue duramente golpeada por la epidemia de dengue, y el Ministerio de Salud P\u00fablica confirm\u00f3 la presencia de circulaci\u00f3n viral en la zona. Sin embargo, los vecinos reclaman mayor atenci\u00f3n y medidas preventivas, as\u00ed como la necesidad de m\u00e1s insumos en el hospital.<\/p>\n\n\n\n<p>La directora general de Epidemiolog\u00eda, Angelina Bobadilla, se\u00f1al\u00f3 la delicada situaci\u00f3n de la ciudad y mencion\u00f3 que se intensific\u00f3 el trabajo de los equipos de investigaci\u00f3n y control vectorial en la regi\u00f3n.<\/p>\n\n\n\n<p>El&nbsp;Ministerio de Salud P\u00fablica&nbsp;emiti\u00f3 un comunicado en el que afirma haberse hecho presente en&nbsp;Gobernador Virasoro&nbsp;para coordinar y fortalecer los servicios del hospital local. Adem\u00e1s, asegura que se intensificaron todas las acciones de control y prevenci\u00f3n del dengue.<\/p>\n","protected":false},"excerpt":{"rendered":"<p>En este caso, se trata de la joven&nbsp;Ludmila Rodr\u00edguez, de 18 a\u00f1os que&nbsp;falleci\u00f3 en&nbsp;Gobernador Virasoro&nbsp;debido al dengue. La noticia caus\u00f3&nbsp;un gran revuelo entre los vecinos, quienes mostraron su descontento y&hellip; <\/p>\n","protected":false},"author":12,"featured_media":131704,"comment_status":"closed","ping_status":"open","sticky":false,"template":"","format":"standard","meta":{"footnotes":""},"categories":[1],"tags":[],"class_list":["post-131692","post","type-post","status-publish","format-standard","has-post-thumbnail","hentry","category-informacion-general"],"_links":{"self":[{"href":"https:\/\/corrientesdetarde.com\/index.php\/wp-json\/wp\/v2\/posts\/131692","targetHints":{"allow":["GET"]}}],"collection":[{"href":"https:\/\/corrientesdetarde.com\/index.php\/wp-json\/wp\/v2\/posts"}],"about":[{"href":"https:\/\/corrientesdetarde.com\/index.php\/wp-json\/wp\/v2\/types\/post"}],"author":[{"embeddable":true,"href":"https:\/\/corrientesdetarde.com\/index.php\/wp-json\/wp\/v2\/users\/12"}],"replies":[{"embeddable":true,"href":"https:\/\/corrientesdetarde.com\/index.php\/wp-json\/wp\/v2\/comments?post=131692"}],"version-history":[{"count":1,"href":"https:\/\/corrientesdetarde.com\/index.php\/wp-json\/wp\/v2\/posts\/131692\/revisions"}],"predecessor-version":[{"id":131705,"href":"https:\/\/corrientesdetarde.com\/index.php\/wp-json\/wp\/v2\/posts\/131692\/revisions\/131705"}],"wp:featuredmedia":[{"embeddable":true,"href":"https:\/\/corrientesdetarde.com\/index.php\/wp-json\/wp\/v2\/media\/131704"}],"wp:attachment":[{"href":"https:\/\/corrientesdetarde.com\/index.php\/wp-json\/wp\/v2\/media?parent=131692"}],"wp:term":[{"taxonomy":"category","embeddable":true,"href":"https:\/\/corrientesdetarde.com\/index.php\/wp-json\/wp\/v2\/categories?post=131692"},{"taxonomy":"post_tag","embeddable":true,"href":"https:\/\/corrientesdetarde.com\/index.php\/wp-json\/wp\/v2\/tags?post=131692"}],"curies":[{"name":"wp","href":"https:\/\/api.w.org\/{rel}","templated":true}]}}