{"id":131728,"date":"2024-03-11T12:00:05","date_gmt":"2024-03-11T15:00:05","guid":{"rendered":"https:\/\/corrientesdetarde.com\/?p=131728"},"modified":"2024-03-11T12:00:07","modified_gmt":"2024-03-11T15:00:07","slug":"los-presidentes-de-primera-division-se-reunen-tras-el-llamado-del-chiqui-tapia-y-el-escandalo-tevez-dovalo","status":"publish","type":"post","link":"https:\/\/corrientesdetarde.com\/index.php\/deportes\/los-presidentes-de-primera-division-se-reunen-tras-el-llamado-del-chiqui-tapia-y-el-escandalo-tevez-dovalo\/","title":{"rendered":"Los presidentes de primera divisi\u00f3n se re\u00fanen tras el llamado del Chiqui Tapia y el esc\u00e1ndalo Tevez-D\u00f3valo"},"content":{"rendered":"\n<p>Este lunes por la ma\u00f1ana, los presidentes de los clubes de Primera Divisi\u00f3n se re\u00fanen en el predio Lionel Andr\u00e9s Messi de Ezeiza luego de haber sido convocados d\u00edas atr\u00e1s por el presidente de la AFA,<strong>\u00a0Claudio \u201cChiqui\u201d Tapia.<\/strong>\u00a0El encuentro estaba pautado para las 11 de la ma\u00f1ana, aunque podr\u00eda demorarse el comienzo.<\/p>\n\n\n\n<p>Seg\u00fan pudo averiguar&nbsp;<strong>TN, Tapia hab\u00eda llamado a una reuni\u00f3n del Comit\u00e9 Ejecutivo&nbsp;<\/strong>con los 28 presidentes de los clubes que actualmente juegan en la m\u00e1xima categor\u00eda a fines de febrero, pero la convocatoria reci\u00e9n sali\u00f3 a la luz la semana pasada tras la<strong>&nbsp;pol\u00e9mica que se desat\u00f3 entre Carlos Tevez y el \u00e1rbitro Pablo D\u00f3valo<\/strong>&nbsp;por la actuaci\u00f3n del juez en el partido de Independiente ante Barracas Central por la novena fecha de la Copa de la Liga.<\/p>\n\n\n\n<p>Pasadas las 10.30 se abrieron los portones del predio de Ezeiza y comenzaron a entrar los primeros veh\u00edculos que trasladaban a los dirigentes que participar\u00e1n de la reuni\u00f3n.<\/p>\n\n\n\n<figure class=\"wp-block-image\"><img decoding=\"async\" src=\"https:\/\/tn.com.ar\/resizer\/7iFFeuf_JhkAMwbzOSxg4LatuzM=\/767x0\/smart\/filters:format(webp)\/cloudfront-us-east-1.images.arcpublishing.com\/artear\/HHENHH7BDVA25ETJEIZ3MVH3XE.jpg\" alt=\"La reuni\u00f3n se desarrolla en el predio Lionel Andr\u00e9s Messi de Ezeiza. (Foto: Twitter @Argentina)\"\/><figcaption class=\"wp-element-caption\">La reuni\u00f3n se desarrolla en el predio Lionel Andr\u00e9s Messi de Ezeiza. (Foto: Twitter @Argentina)<\/figcaption><\/figure>\n\n\n\n<p>Aunque los temas que se abordar\u00e1n en el encuentro no fueron dados a conocer, se estima que la pelea Tevez-D\u00f3valo, que tambi\u00e9n incluy\u00f3 un fuerte cruce entre el DT de Independiente y el tesorero de la AFA Pablo Toviggino, ser\u00e1 parte del debate.<\/p>\n\n\n\n<h2 class=\"wp-block-heading\">Tevez recibi\u00f3 una carta documento del \u00e1rbitro Pablo D\u00f3valo<\/h2>\n\n\n\n<p>El esc\u00e1ndalo que se desat\u00f3 despu\u00e9s del partido entre Independiente y Barracas Central a\u00fan no lleg\u00f3 a su fin. En las \u00faltimas horas, Carlos Tevez dio a conocer que Pablo D\u00f3valo le mando una carta documento. \u201c<strong>Pablito, no hagamos perder tiempo a los abogados y decime donde te mando el sobre<\/strong>\u201d, escribi\u00f3 el Apache en su cuenta de X.<\/p>\n\n\n\n<p>Aquel d\u00eda, el DT del Rojo hab\u00eda acusado al \u00e1rbitro de \u201crobarle\u201d por no haber expulsado a un futbolista del equipo rival. Eso desat\u00f3 un cruce de acusaciones en el que tambi\u00e9n entr\u00f3 el tesorero de la AFA, Pablo Toviggino.<\/p>\n","protected":false},"excerpt":{"rendered":"<p>Este lunes por la ma\u00f1ana, los presidentes de los clubes de Primera Divisi\u00f3n se re\u00fanen en el predio Lionel Andr\u00e9s Messi de Ezeiza luego de haber sido convocados d\u00edas atr\u00e1s&hellip; <\/p>\n","protected":false},"author":12,"featured_media":131759,"comment_status":"closed","ping_status":"open","sticky":false,"template":"","format":"standard","meta":{"footnotes":""},"categories":[4],"tags":[],"class_list":["post-131728","post","type-post","status-publish","format-standard","has-post-thumbnail","hentry","category-deportes"],"_links":{"self":[{"href":"https:\/\/corrientesdetarde.com\/index.php\/wp-json\/wp\/v2\/posts\/131728","targetHints":{"allow":["GET"]}}],"collection":[{"href":"https:\/\/corrientesdetarde.com\/index.php\/wp-json\/wp\/v2\/posts"}],"about":[{"href":"https:\/\/corrientesdetarde.com\/index.php\/wp-json\/wp\/v2\/types\/post"}],"author":[{"embeddable":true,"href":"https:\/\/corrientesdetarde.com\/index.php\/wp-json\/wp\/v2\/users\/12"}],"replies":[{"embeddable":true,"href":"https:\/\/corrientesdetarde.com\/index.php\/wp-json\/wp\/v2\/comments?post=131728"}],"version-history":[{"count":1,"href":"https:\/\/corrientesdetarde.com\/index.php\/wp-json\/wp\/v2\/posts\/131728\/revisions"}],"predecessor-version":[{"id":131760,"href":"https:\/\/corrientesdetarde.com\/index.php\/wp-json\/wp\/v2\/posts\/131728\/revisions\/131760"}],"wp:featuredmedia":[{"embeddable":true,"href":"https:\/\/corrientesdetarde.com\/index.php\/wp-json\/wp\/v2\/media\/131759"}],"wp:attachment":[{"href":"https:\/\/corrientesdetarde.com\/index.php\/wp-json\/wp\/v2\/media?parent=131728"}],"wp:term":[{"taxonomy":"category","embeddable":true,"href":"https:\/\/corrientesdetarde.com\/index.php\/wp-json\/wp\/v2\/categories?post=131728"},{"taxonomy":"post_tag","embeddable":true,"href":"https:\/\/corrientesdetarde.com\/index.php\/wp-json\/wp\/v2\/tags?post=131728"}],"curies":[{"name":"wp","href":"https:\/\/api.w.org\/{rel}","templated":true}]}}