{"id":131771,"date":"2024-03-11T13:23:33","date_gmt":"2024-03-11T16:23:33","guid":{"rendered":"https:\/\/corrientesdetarde.com\/?p=131771"},"modified":"2024-03-11T13:23:44","modified_gmt":"2024-03-11T16:23:44","slug":"al-inaugurar-refacciones-en-el-puerto-valdes-reivindico-parte-de-nuestra-cultura-costumbres-y-comercio","status":"publish","type":"post","link":"https:\/\/corrientesdetarde.com\/index.php\/locales\/al-inaugurar-refacciones-en-el-puerto-valdes-reivindico-parte-de-nuestra-cultura-costumbres-y-comercio\/","title":{"rendered":"Al inaugurar refacciones en el Puerto, Vald\u00e9s reivindic\u00f3 \u201cparte de nuestra cultura, costumbres y comercio\u201d"},"content":{"rendered":"\n<p>Acompa\u00f1ado por el intendente de Capital, Eduardo Tassano; el gobernador Gustavo Vald\u00e9s habilit\u00f3 este lunes el denominado Paseo de compras \u201cEl Puerto\u201d, a la vera del Paran\u00e1, entre calles Salta y Rioja. El mismo cuenta con 56 puestos para la venta de productos en distintos rubros. En la oportunidad, el mandatario provincial sostuvo que la flamante obra ser\u00e1 \u201cfundamental para recuperar el espacio p\u00fablico sin eliminar la actividad comercial\u201d<\/p>\n\n\n\n<p>El acto central se desarroll\u00f3 sobre la misma avenida Vera, en el mismo espacio, donde acudieron funcionarios provinciales, comunales, legisladores, ediles y comerciantes del lugar.<\/p>\n\n\n\n<p>La ceremonia dio inicio con una invocaci\u00f3n religiosa por parte del padre Martin Manevy, quien bendijo las flamantes instalaciones. Una vez finalizada la misma, las autoridades realizaron un descubrimiento de placa, realizaron el tradicional corte de cintas y recorrieron el renovado espacio.<\/p>\n\n\n\n<p><strong>Las obras<\/strong><\/p>\n\n\n\n<p>El Paseo de compras \u201cEl Puerto\u201d consta de 56 puestos de diversas actividades comerciales. Esta obra es una puesta en valor del antiguo Paseo de compras, mejorando las condiciones laborales y comerciales para generar un mejor servicio, brindando a la ciudad un nuevo espacio de disfrute para los correntinos.<\/p>\n\n\n\n<p>Cuenta con los 56 m\u00f3dulos de ventas, ba\u00f1os p\u00fablicos, ba\u00f1os para colectiveros, dos oficinas de administraci\u00f3n. La superficie de planta baja con 610 metros cuadrados, planta alta con 745 metros de superficie de metros cuadrados, con vista al r\u00edo y la superficie de vereda es de 1325 metros cuadrados.<\/p>\n\n\n\n<p>El \u00e1rea total de intervenci\u00f3n y puesta en valor fue de 1935 metros cuadrados.<\/p>\n\n\n\n<p>Adem\u00e1s, se realizaron recuperaci\u00f3n de barandas y pilares en 600 metros lineales; recuperaci\u00f3n y restauraci\u00f3n de cuatro sumideros, construcci\u00f3n a nuevo de desag\u00fces pluviales y limpieza de desag\u00fces pluviales obstruidos existentes, cumplimentando las normativas de adaptabilidad universal en todo el sector.<\/p>\n\n\n\n<p><strong>Gobernador Vald\u00e9s<\/strong><\/p>\n\n\n\n<p>Al dirigirse a los presentes, el gobernador Gustavo Vald\u00e9s manifest\u00f3 inicialmente que es \u201cfundamental que podamos recuperar los espacios p\u00fablicos sin eliminar la actividad comercial ya que nuestro compromiso es potenciarla\u201d.<\/p>\n\n\n\n<p>\u201cDe nada sirve invertir recursos en la ciudad, como por ejemplo en el proyecto \u00d1anderec\u00f3, sino acompa\u00f1amos a estas familias con a\u00f1os y a\u00f1os de trabajo, que se desarrollan, viven, fruto de su trabajo en el comercio, en este lugar\u201d, agreg\u00f3 el mandatario, dejando en claro que esta obra es una \u201creivindicaci\u00f3n a uno de los \u00faltimos puestos y lugar de esparcimiento que quedaba en la ciudad como lo es nuestro Puerto\u201d.<\/p>\n\n\n\n<p>Para Vald\u00e9s, esta obra va a quedar incorporada como \u201cparte del patrimonio cultural de la ciudad de Corrientes y de nuestras costumbres y de nuestro comercio\u201d, destacando que el Puerto tiene mucha historia y \u201csabemos lo que significa para los correntinos como lugar de esparcimiento y encuentro\u201d.<\/p>\n\n\n\n<p>Asimismo, el gobernador coment\u00f3 que para mejorar las condiciones de los puesteros de Corrientes, a\u00f1os atr\u00e1s se realiz\u00f3 la obra en el Piso, luego tambi\u00e9n se les dio un espacio en la Rotonda de la Virgen de Itat\u00ed y luego se los traslad\u00f3 al barrio San Ger\u00f3nimo, mencionando adem\u00e1s que se trabaja fuerte para recuperar el lugar de la Ex V\u00eda.<\/p>\n\n\n\n<p>Continuando, Vald\u00e9s felicit\u00f3 a la Municipalidad por el trabajo realizado y a todo el equipo de trabajo de Eduardo Tassano que hicieron posible esta obra que \u201cnos da calidad de vida y que hace que quienes nos visiten nos digan que linda est\u00e1 Corrientes\u201d.<\/p>\n\n\n\n<p>\u201cVamos a seguir trabajando junto al Municipio\u201d, asever\u00f3 el titular del ejecutivo provincial, afirmando luego que solamente el esfuerzo conjunto, mancomunado, solidario, con visi\u00f3n de modernidad y futuro para la ciudad \u201cnos va a permitir lograr grandes obras como esta\u201d y para cerrar ratific\u00f3 el compromiso de&nbsp; seguir haciendo de Corrientes una \u201cciudad cada vez m\u00e1s bella\u201d.<\/p>\n\n\n\n<p><strong>Contacto con la prensa: vacuna contra el dengue<\/strong><\/p>\n\n\n\n<p>\u201cEstamos en negociaci\u00f3n para comprar 200mil dosis para Corrientes, a trav\u00e9s del IOSCOR\u201d, sostuvo el mandatario al ser consultado por la prensa, respecto a la cuesti\u00f3n que ata\u00f1e la inoculaci\u00f3n frente al dengue, \u201cpor lo que uno podr\u00e1 ir a una farmacia y aplic\u00e1rsela con un 50% de descuento\u201d, a\u00f1adi\u00f3 el mismo.<\/p>\n\n\n\n<p>En este marco, Vald\u00e9s inform\u00f3 que \u201cfundamentalmente la poblaci\u00f3n de riesgo es de entre 20 y 40 a\u00f1os, y alcanzar\u00eda a unas 100mil personas\u201d. &nbsp;<\/p>\n\n\n\n<p>Por otra parte, respecto al \u201cesfuerzo econ\u00f3mico\u201d que tendr\u00e1 que hacer la Provincia para acceder a las mencionadas vacunas, el gobernador consider\u00f3 que la inversi\u00f3n \u201crondar\u00e1 entre los $ 4mil millones y $6mil millones\u201d.<\/p>\n\n\n\n<p><strong>Eduardo Tassano<\/strong><\/p>\n\n\n\n<p>\u201cEsta es una obra financiada por el gobierno provincial, proyectada por la municipalidad\u201d, dijo en primer lugar el intendente Eduardo Tassano, se\u00f1alando que es una de las tantas obras que viene ejecutando la gesti\u00f3n del gobernador Vald\u00e9s, poniendo como ejemplos la de la Ruta Provincial N\u00ba 5 y la del Museo de Arte Contempor\u00e1neo, y otras m\u00e1s ya sea en el \u00e1mbito de seguridad y educaci\u00f3n.<\/p>\n\n\n\n<p>El intendente, puso de relieve el trabajo codo a codo Provincia y Municipio, con el invalorable aporte los equipos de Obras P\u00fablicas, Vialidad Urbana, \u201cpara embellecer a nuestra ciudad\u201d.<\/p>\n\n\n\n<p>Al continuar con sus palabras, Tassano expres\u00f3 que esta obra tiene su significado en tres ejes: por un lado el \u201cembellecimiento de la ciudad para transformar este sector que se transforma en tur\u00edstico que tiene que ver con la obra \u00d1anderec\u00f3 en Costanera Norte, que se extiende por el corredor costero por avenida Poncho Verde hasta el Tenis Club, para disfrute de los vecinos y turistas\u201d.<\/p>\n\n\n\n<p>El segundo, referido a la&nbsp; Mejora en la circulaci\u00f3n ya que \u201cac\u00e1 se encuentra una de las paradas m\u00e1s importantes de la ciudad del transporte p\u00fablico de pasajeros\u201d y como tercer eje remarc\u00f3 la mejora sustancial en las \u201ccondiciones de trabajo de los puesteros y comerciantes\u201d, en un claro ejemplo para \u201cmejorar la calidad de vida de la gente\u201d.<\/p>\n\n\n\n<p><strong>Hugo Sol\u00eds, representante de los puesteros<\/strong><\/p>\n\n\n\n<p>En nombre de la comunidad de puesteros y comerciantes del Puerto, Hugo Sol\u00eds expres\u00f3 su sincero agradecimiento al gobernador Vald\u00e9s y al intendente Tassano, por hacer realidad esta obra tan anhelada.<\/p>\n\n\n\n<p>Sol\u00eds puntualiz\u00f3 que esta obra fortalece la econom\u00eda local y de las familias, como as\u00ed tambi\u00e9n, la infraestructura de la Costanera.<\/p>\n\n\n\n<p>\u201cEs muy grato ver como Provincia y Municipio est\u00e1n comprometidos con el progreso y desarrollo de la ciudad y de los vecinos, con obras de esta naturaleza\u201d, concluy\u00f3 Sol\u00eds.<\/p>\n\n\n\n<p><strong>Presencias<\/strong><\/p>\n\n\n\n<p>Acompa\u00f1aron a las autoridades los ministros de: Obras P\u00fablicas, Claudio Polich; de Coordinaci\u00f3n, Miguel Olivieri; de Ciencia y Tecnolog\u00eda, Jorge G\u00f3mez; de Seguridad, Buenaventura Duarte; de Educaci\u00f3n; Pr\u00e1xedes L\u00f3pez; de Turismo, Alejandra Eliciri; de Desarrollo Social; Ad\u00e1n Gaya; el fiscal de Estado, Horacio Ortega; el diputado nacional Alfredo Vallejos; legisladores provinciales; el viceintendente de Capital, Emilio Lanari; el presidente del Concejo Deliberante,Marcos Amarilla;\u00a0dem\u00e1s funcionarios y ediles.<\/p>\n\n\n\n<figure class=\"wp-block-image size-large\"><img loading=\"lazy\" decoding=\"async\" width=\"1024\" height=\"682\" src=\"https:\/\/corrientesdetarde.com\/wp-content\/uploads\/2024\/03\/image-200-1024x682.png\" alt=\"\" class=\"wp-image-131772\" srcset=\"https:\/\/corrientesdetarde.com\/wp-content\/uploads\/2024\/03\/image-200-1024x682.png 1024w, https:\/\/corrientesdetarde.com\/wp-content\/uploads\/2024\/03\/image-200-300x200.png 300w, https:\/\/corrientesdetarde.com\/wp-content\/uploads\/2024\/03\/image-200-768x512.png 768w, https:\/\/corrientesdetarde.com\/wp-content\/uploads\/2024\/03\/image-200-1536x1023.png 1536w, https:\/\/corrientesdetarde.com\/wp-content\/uploads\/2024\/03\/image-200.png 1600w\" sizes=\"auto, (max-width: 1024px) 100vw, 1024px\" \/><\/figure>\n\n\n\n<figure class=\"wp-block-image size-large\"><img loading=\"lazy\" decoding=\"async\" width=\"1024\" height=\"682\" src=\"https:\/\/corrientesdetarde.com\/wp-content\/uploads\/2024\/03\/image-201-1024x682.png\" alt=\"\" class=\"wp-image-131773\" srcset=\"https:\/\/corrientesdetarde.com\/wp-content\/uploads\/2024\/03\/image-201-1024x682.png 1024w, https:\/\/corrientesdetarde.com\/wp-content\/uploads\/2024\/03\/image-201-300x200.png 300w, https:\/\/corrientesdetarde.com\/wp-content\/uploads\/2024\/03\/image-201-768x512.png 768w, https:\/\/corrientesdetarde.com\/wp-content\/uploads\/2024\/03\/image-201-1536x1023.png 1536w, https:\/\/corrientesdetarde.com\/wp-content\/uploads\/2024\/03\/image-201.png 1600w\" sizes=\"auto, (max-width: 1024px) 100vw, 1024px\" \/><\/figure>\n\n\n\n<figure class=\"wp-block-image size-large\"><img loading=\"lazy\" decoding=\"async\" width=\"1024\" height=\"689\" src=\"https:\/\/corrientesdetarde.com\/wp-content\/uploads\/2024\/03\/image-202-1024x689.png\" alt=\"\" class=\"wp-image-131775\" srcset=\"https:\/\/corrientesdetarde.com\/wp-content\/uploads\/2024\/03\/image-202-1024x689.png 1024w, https:\/\/corrientesdetarde.com\/wp-content\/uploads\/2024\/03\/image-202-300x202.png 300w, https:\/\/corrientesdetarde.com\/wp-content\/uploads\/2024\/03\/image-202-768x516.png 768w, https:\/\/corrientesdetarde.com\/wp-content\/uploads\/2024\/03\/image-202-1536x1033.png 1536w, https:\/\/corrientesdetarde.com\/wp-content\/uploads\/2024\/03\/image-202.png 1600w\" sizes=\"auto, (max-width: 1024px) 100vw, 1024px\" \/><\/figure>\n\n\n\n<figure class=\"wp-block-image size-large\"><img loading=\"lazy\" decoding=\"async\" width=\"1024\" height=\"682\" src=\"https:\/\/corrientesdetarde.com\/wp-content\/uploads\/2024\/03\/image-205-1024x682.png\" alt=\"\" class=\"wp-image-131778\" srcset=\"https:\/\/corrientesdetarde.com\/wp-content\/uploads\/2024\/03\/image-205-1024x682.png 1024w, https:\/\/corrientesdetarde.com\/wp-content\/uploads\/2024\/03\/image-205-300x200.png 300w, https:\/\/corrientesdetarde.com\/wp-content\/uploads\/2024\/03\/image-205-768x512.png 768w, https:\/\/corrientesdetarde.com\/wp-content\/uploads\/2024\/03\/image-205-1536x1023.png 1536w, https:\/\/corrientesdetarde.com\/wp-content\/uploads\/2024\/03\/image-205.png 1600w\" sizes=\"auto, (max-width: 1024px) 100vw, 1024px\" \/><\/figure>\n\n\n\n<figure class=\"wp-block-image size-large\"><img loading=\"lazy\" decoding=\"async\" width=\"1024\" height=\"682\" src=\"https:\/\/corrientesdetarde.com\/wp-content\/uploads\/2024\/03\/image-203-1024x682.png\" alt=\"\" class=\"wp-image-131776\" srcset=\"https:\/\/corrientesdetarde.com\/wp-content\/uploads\/2024\/03\/image-203-1024x682.png 1024w, https:\/\/corrientesdetarde.com\/wp-content\/uploads\/2024\/03\/image-203-300x200.png 300w, https:\/\/corrientesdetarde.com\/wp-content\/uploads\/2024\/03\/image-203-768x512.png 768w, https:\/\/corrientesdetarde.com\/wp-content\/uploads\/2024\/03\/image-203-1536x1023.png 1536w, https:\/\/corrientesdetarde.com\/wp-content\/uploads\/2024\/03\/image-203.png 1600w\" sizes=\"auto, (max-width: 1024px) 100vw, 1024px\" \/><\/figure>\n\n\n\n<figure class=\"wp-block-image size-large\"><img loading=\"lazy\" decoding=\"async\" width=\"1024\" height=\"701\" src=\"https:\/\/corrientesdetarde.com\/wp-content\/uploads\/2024\/03\/image-204-1024x701.png\" alt=\"\" class=\"wp-image-131777\" srcset=\"https:\/\/corrientesdetarde.com\/wp-content\/uploads\/2024\/03\/image-204-1024x701.png 1024w, https:\/\/corrientesdetarde.com\/wp-content\/uploads\/2024\/03\/image-204-300x206.png 300w, https:\/\/corrientesdetarde.com\/wp-content\/uploads\/2024\/03\/image-204-768x526.png 768w, https:\/\/corrientesdetarde.com\/wp-content\/uploads\/2024\/03\/image-204-1536x1052.png 1536w, https:\/\/corrientesdetarde.com\/wp-content\/uploads\/2024\/03\/image-204.png 1600w\" sizes=\"auto, (max-width: 1024px) 100vw, 1024px\" \/><\/figure>\n","protected":false},"excerpt":{"rendered":"<p>Acompa\u00f1ado por el intendente de Capital, Eduardo Tassano; el gobernador Gustavo Vald\u00e9s habilit\u00f3 este lunes el denominado Paseo de compras \u201cEl Puerto\u201d, a la vera del Paran\u00e1, entre calles Salta&hellip; <\/p>\n","protected":false},"author":8,"featured_media":131774,"comment_status":"closed","ping_status":"open","sticky":false,"template":"","format":"standard","meta":{"footnotes":""},"categories":[8],"tags":[],"class_list":["post-131771","post","type-post","status-publish","format-standard","has-post-thumbnail","hentry","category-locales"],"_links":{"self":[{"href":"https:\/\/corrientesdetarde.com\/index.php\/wp-json\/wp\/v2\/posts\/131771","targetHints":{"allow":["GET"]}}],"collection":[{"href":"https:\/\/corrientesdetarde.com\/index.php\/wp-json\/wp\/v2\/posts"}],"about":[{"href":"https:\/\/corrientesdetarde.com\/index.php\/wp-json\/wp\/v2\/types\/post"}],"author":[{"embeddable":true,"href":"https:\/\/corrientesdetarde.com\/index.php\/wp-json\/wp\/v2\/users\/8"}],"replies":[{"embeddable":true,"href":"https:\/\/corrientesdetarde.com\/index.php\/wp-json\/wp\/v2\/comments?post=131771"}],"version-history":[{"count":1,"href":"https:\/\/corrientesdetarde.com\/index.php\/wp-json\/wp\/v2\/posts\/131771\/revisions"}],"predecessor-version":[{"id":131779,"href":"https:\/\/corrientesdetarde.com\/index.php\/wp-json\/wp\/v2\/posts\/131771\/revisions\/131779"}],"wp:featuredmedia":[{"embeddable":true,"href":"https:\/\/corrientesdetarde.com\/index.php\/wp-json\/wp\/v2\/media\/131774"}],"wp:attachment":[{"href":"https:\/\/corrientesdetarde.com\/index.php\/wp-json\/wp\/v2\/media?parent=131771"}],"wp:term":[{"taxonomy":"category","embeddable":true,"href":"https:\/\/corrientesdetarde.com\/index.php\/wp-json\/wp\/v2\/categories?post=131771"},{"taxonomy":"post_tag","embeddable":true,"href":"https:\/\/corrientesdetarde.com\/index.php\/wp-json\/wp\/v2\/tags?post=131771"}],"curies":[{"name":"wp","href":"https:\/\/api.w.org\/{rel}","templated":true}]}}