{"id":131820,"date":"2024-03-11T14:30:46","date_gmt":"2024-03-11T17:30:46","guid":{"rendered":"https:\/\/corrientesdetarde.com\/?p=131820"},"modified":"2024-03-11T14:30:58","modified_gmt":"2024-03-11T17:30:58","slug":"asignaciones-familiares-suaf-quienes-cobran-el-bono-de-180-000-extra-de-anses-este-mes-y-como-tramitarlo","status":"publish","type":"post","link":"https:\/\/corrientesdetarde.com\/index.php\/economia\/asignaciones-familiares-suaf-quienes-cobran-el-bono-de-180-000-extra-de-anses-este-mes-y-como-tramitarlo\/","title":{"rendered":"Asignaciones Familiares SUAF: qui\u00e9nes cobran el bono de $180.000 extra de ANSES este mes y c\u00f3mo tramitarlo"},"content":{"rendered":"\n<p>Conoc\u00e9 todo sobre este refuerzo que se paga durante marzo mediante la Administraci\u00f3n Nacional de la Seguridad Social.<\/p>\n\n\n\n<p>La\u00a0 ANSES abona un bono de pago \u00fanico de\u00a0<strong>$180.000<\/strong>\u00a0este mes para beneficiarios de la Asignaci\u00f3n Familiar por Adopci\u00f3n para quienes\u00a0<strong>adoptaron ni\u00f1os menores de 2 meses hasta 2 a\u00f1os de edad<\/strong>. S\u00f3lo lo cobran quienes tengan ingresos brutos menores de $1.077.403 por individuo y $2.154.806 del grupo familiar.<\/p>\n\n\n\n<h2 class=\"wp-block-heading\">Cu\u00e1les son los requisitos para el bono de $180.000<\/h2>\n\n\n\n<ul class=\"wp-block-list\">\n<li>Para ser elegible en el caso de un nacimiento, el&nbsp;<strong>infante debe tener una edad comprendida entre 2 meses y 2 a\u00f1os<\/strong>.<\/li>\n\n\n\n<li>Respecto a adopciones, el proceso debe comenzar en un&nbsp;<strong>per\u00edodo que va desde 2 meses hasta 2 a\u00f1os despu\u00e9s del fallo de adopci\u00f3n<\/strong>.<\/li>\n\n\n\n<li>Aquellos que reciban la Asignaci\u00f3n Universal por Hijo, Hijo con Discapacidad o Asignaci\u00f3n por Embarazo deben<strong>&nbsp;haber sido elegibles para estas asignaciones en el mes correspondiente al nacimiento o al momento de la adopci\u00f3n<\/strong>.<\/li>\n\n\n\n<li>Tanto el ingreso individual como el ingreso total del hogar\u00a0<strong>no deben exceder los l\u00edmites establecidos<\/strong>\u00a0en la fecha del nacimiento o en la fecha de la sentencia de adopci\u00f3n.<\/li>\n<\/ul>\n\n\n\n<h2 class=\"wp-block-heading\">Qui\u00e9nes cobran el bono de $180.000 que paga ANSES<\/h2>\n\n\n\n<p>En caso de que tenga aprobada la sentencia de adopci\u00f3n, este refuerzo alcanza a los siguientes grupos:<\/p>\n\n\n\n<ul class=\"wp-block-list\">\n<li>Personas que cobren o hayan cobrado la&nbsp;<strong>Asignaci\u00f3n Universal por Hijo, Hijo con Discapacidad o Asignaci\u00f3n por Embarazo<\/strong><\/li>\n\n\n\n<li>Personas que cobren la&nbsp;<strong>Pensi\u00f3n Honor\u00edfica de Veteranos de Guerra<\/strong><\/li>\n\n\n\n<li>Personas que cobren la&nbsp;<strong>Prestaci\u00f3n por Desempleo<\/strong><\/li>\n\n\n\n<li>Trabajadores<strong>&nbsp;rurales<\/strong><\/li>\n\n\n\n<li>Trabajadores en&nbsp;<strong>relaci\u00f3n de dependencia<\/strong><\/li>\n\n\n\n<li>Trabajadores por&nbsp;<strong>temporada<\/strong><\/li>\n\n\n\n<li>Personas que se encuentren cobrando por una Aseguradora de Riesgos del Trabajo (<strong>ART<\/strong>)<\/li>\n<\/ul>\n\n\n\n<h2 class=\"wp-block-heading\">Cu\u00e1l es la documentaci\u00f3n requerida para cobrar el bono de $180.000 que paga la ANSES<\/h2>\n\n\n\n<ul class=\"wp-block-list\">\n<li>Identidad de padres\/madres.<\/li>\n\n\n\n<li>Identidad del hijo.<\/li>\n\n\n\n<li>Partida de nacimiento.<\/li>\n\n\n\n<li>Sentencia de adopci\u00f3n.<\/li>\n<\/ul>\n\n\n\n<h2 class=\"wp-block-heading\">C\u00f3mo pedir el bono de $180.000 que paga la ANSES<\/h2>\n\n\n\n<ul class=\"wp-block-list\">\n<li>Verificar y actualizar tus datos personales y v\u00ednculos familiares en\u00a0Mi ANSES.<\/li>\n\n\n\n<li>Recopilar toda la documentaci\u00f3n necesaria.<\/li>\n\n\n\n<li>Acceder a Atenci\u00f3n Virtual y elegir la opci\u00f3n de Pago \u00fanico por matrimonio, nacimiento o adopci\u00f3n, siguiendo las instrucciones proporcionadas.<\/li>\n<\/ul>\n\n\n\n<p>Tambi\u00e9n se puede realizar el tr\u00e1mite de manera presencial en una oficina de ANSES.<\/p>\n","protected":false},"excerpt":{"rendered":"<p>Conoc\u00e9 todo sobre este refuerzo que se paga durante marzo mediante la Administraci\u00f3n Nacional de la Seguridad Social. La\u00a0 ANSES abona un bono de pago \u00fanico de\u00a0$180.000\u00a0este mes para beneficiarios&hellip; <\/p>\n","protected":false},"author":8,"featured_media":131821,"comment_status":"closed","ping_status":"open","sticky":false,"template":"","format":"standard","meta":{"footnotes":""},"categories":[20],"tags":[],"class_list":["post-131820","post","type-post","status-publish","format-standard","has-post-thumbnail","hentry","category-economia"],"_links":{"self":[{"href":"https:\/\/corrientesdetarde.com\/index.php\/wp-json\/wp\/v2\/posts\/131820","targetHints":{"allow":["GET"]}}],"collection":[{"href":"https:\/\/corrientesdetarde.com\/index.php\/wp-json\/wp\/v2\/posts"}],"about":[{"href":"https:\/\/corrientesdetarde.com\/index.php\/wp-json\/wp\/v2\/types\/post"}],"author":[{"embeddable":true,"href":"https:\/\/corrientesdetarde.com\/index.php\/wp-json\/wp\/v2\/users\/8"}],"replies":[{"embeddable":true,"href":"https:\/\/corrientesdetarde.com\/index.php\/wp-json\/wp\/v2\/comments?post=131820"}],"version-history":[{"count":1,"href":"https:\/\/corrientesdetarde.com\/index.php\/wp-json\/wp\/v2\/posts\/131820\/revisions"}],"predecessor-version":[{"id":131822,"href":"https:\/\/corrientesdetarde.com\/index.php\/wp-json\/wp\/v2\/posts\/131820\/revisions\/131822"}],"wp:featuredmedia":[{"embeddable":true,"href":"https:\/\/corrientesdetarde.com\/index.php\/wp-json\/wp\/v2\/media\/131821"}],"wp:attachment":[{"href":"https:\/\/corrientesdetarde.com\/index.php\/wp-json\/wp\/v2\/media?parent=131820"}],"wp:term":[{"taxonomy":"category","embeddable":true,"href":"https:\/\/corrientesdetarde.com\/index.php\/wp-json\/wp\/v2\/categories?post=131820"},{"taxonomy":"post_tag","embeddable":true,"href":"https:\/\/corrientesdetarde.com\/index.php\/wp-json\/wp\/v2\/tags?post=131820"}],"curies":[{"name":"wp","href":"https:\/\/api.w.org\/{rel}","templated":true}]}}