{"id":131823,"date":"2024-03-11T14:33:08","date_gmt":"2024-03-11T17:33:08","guid":{"rendered":"https:\/\/corrientesdetarde.com\/?p=131823"},"modified":"2024-03-11T14:33:22","modified_gmt":"2024-03-11T17:33:22","slug":"tras-el-pedido-opositor-diputados-convoco-a-sesion-para-tratar-la-nueva-formula-de-movilidad-jubilatoria","status":"publish","type":"post","link":"https:\/\/corrientesdetarde.com\/index.php\/politica\/tras-el-pedido-opositor-diputados-convoco-a-sesion-para-tratar-la-nueva-formula-de-movilidad-jubilatoria\/","title":{"rendered":"Tras el pedido opositor, Diputados convoc\u00f3 a sesi\u00f3n para tratar la nueva f\u00f3rmula de movilidad jubilatoria"},"content":{"rendered":"\n<p>Ser\u00e1 este mi\u00e9rcoles al mediod\u00eda. Hab\u00eda sido pedida por el bloque Hacemos Coalici\u00f3n Federal que comanda Miguel Pichetto para debatir un proyecto de la Coalici\u00f3n C\u00edvica que propone aumentos por inflaci\u00f3n.<\/p>\n\n\n\n<p>La C\u00e1mara de Diputados convoc\u00f3 para este mi\u00e9rcoles al mediod\u00eda la sesi\u00f3n que hab\u00eda solicitado el bloque Hacemos Coalici\u00f3n Federal, que comanda Miguel Pichetto, para debatir un proyecto de la Coalici\u00f3n C\u00edvica que propone una nueva f\u00f3rmula jubilatoria con aumentos por inflaci\u00f3n. Sin el quorum asegurado, ni la mayor\u00eda suficiente para aprobar la iniciativa, la bancada opositora buscar\u00eda presionar al Gobierno y emplazar a las comisiones para que empiecen a discutir el tema.<\/p>\n","protected":false},"excerpt":{"rendered":"<p>Ser\u00e1 este mi\u00e9rcoles al mediod\u00eda. Hab\u00eda sido pedida por el bloque Hacemos Coalici\u00f3n Federal que comanda Miguel Pichetto para debatir un proyecto de la Coalici\u00f3n C\u00edvica que propone aumentos por&hellip; <\/p>\n","protected":false},"author":8,"featured_media":131824,"comment_status":"closed","ping_status":"open","sticky":false,"template":"","format":"standard","meta":{"footnotes":""},"categories":[3],"tags":[],"class_list":["post-131823","post","type-post","status-publish","format-standard","has-post-thumbnail","hentry","category-politica"],"_links":{"self":[{"href":"https:\/\/corrientesdetarde.com\/index.php\/wp-json\/wp\/v2\/posts\/131823","targetHints":{"allow":["GET"]}}],"collection":[{"href":"https:\/\/corrientesdetarde.com\/index.php\/wp-json\/wp\/v2\/posts"}],"about":[{"href":"https:\/\/corrientesdetarde.com\/index.php\/wp-json\/wp\/v2\/types\/post"}],"author":[{"embeddable":true,"href":"https:\/\/corrientesdetarde.com\/index.php\/wp-json\/wp\/v2\/users\/8"}],"replies":[{"embeddable":true,"href":"https:\/\/corrientesdetarde.com\/index.php\/wp-json\/wp\/v2\/comments?post=131823"}],"version-history":[{"count":1,"href":"https:\/\/corrientesdetarde.com\/index.php\/wp-json\/wp\/v2\/posts\/131823\/revisions"}],"predecessor-version":[{"id":131825,"href":"https:\/\/corrientesdetarde.com\/index.php\/wp-json\/wp\/v2\/posts\/131823\/revisions\/131825"}],"wp:featuredmedia":[{"embeddable":true,"href":"https:\/\/corrientesdetarde.com\/index.php\/wp-json\/wp\/v2\/media\/131824"}],"wp:attachment":[{"href":"https:\/\/corrientesdetarde.com\/index.php\/wp-json\/wp\/v2\/media?parent=131823"}],"wp:term":[{"taxonomy":"category","embeddable":true,"href":"https:\/\/corrientesdetarde.com\/index.php\/wp-json\/wp\/v2\/categories?post=131823"},{"taxonomy":"post_tag","embeddable":true,"href":"https:\/\/corrientesdetarde.com\/index.php\/wp-json\/wp\/v2\/tags?post=131823"}],"curies":[{"name":"wp","href":"https:\/\/api.w.org\/{rel}","templated":true}]}}