{"id":131826,"date":"2024-03-11T14:37:42","date_gmt":"2024-03-11T17:37:42","guid":{"rendered":"https:\/\/corrientesdetarde.com\/?p=131826"},"modified":"2024-03-11T14:37:54","modified_gmt":"2024-03-11T17:37:54","slug":"el-avion-caia-en-picada-un-vuelo-de-latam-sufrio-una-falla-tecnica-y-12-pasajeros-resultaron-heridos","status":"publish","type":"post","link":"https:\/\/corrientesdetarde.com\/index.php\/internacionales\/el-avion-caia-en-picada-un-vuelo-de-latam-sufrio-una-falla-tecnica-y-12-pasajeros-resultaron-heridos\/","title":{"rendered":"\u201cEl avi\u00f3n ca\u00eda en picada\u201d: un vuelo de Latam sufri\u00f3 una falla t\u00e9cnica y 12 pasajeros resultaron heridos"},"content":{"rendered":"\n<p>El trayecto cubr\u00eda la ruta S\u00eddney &#8211; Chile. Hubo un desperfecto que gener\u00f3 un movimiento brusco. Varias personas golpearon contra el techo y cayeron nuevamente al suelo.<\/p>\n\n\n\n<p>Un\u00a0vuelo\u00a0de Latam que iba de S\u00eddney a Santiago de Chile v\u00eda Auckland sufri\u00f3 una\u00a0falla t\u00e9cnica\u00a0y\u00a012 personas resultaron heridas.\u00a0El\u00a0avi\u00f3n\u00a0tuvo un desperfecto y gener\u00f3 un\u00a0movimiento repentino\u00a0que provoc\u00f3 que varios\u00a0pasajeros golpearan contra el techo.<\/p>\n\n\n\n<p>El dram\u00e1tico momento se vivi\u00f3 este lunes en el vuelo Boeing 787 Dreamliner. La aeronave perdi\u00f3 altitud r\u00e1pidamente cuando sobrevolaba el mar de Tasmania y\u00a0<strong>propuls\u00f3 al techo a quienes no ten\u00eda colocado el cintur\u00f3n de seguridad.<\/strong><\/p>\n\n\n\n<p><strong>\u201cLa gente sali\u00f3 volando\u201d<\/strong>, cont\u00f3 un tripulante a la radio p\u00fablica neozelandesa&nbsp;<em>RNZ<\/em>. \u201cAlgunas personas quedaron bastante heridas.&nbsp;<strong>La gente tuvo realmente miedo\u201d<\/strong>, agreg\u00f3. De acuerdo al relato de otras personas que estuvieron presentes en el avi\u00f3n, hab\u00eda gente con&nbsp;<strong>quebraduras y otros con lesiones en el cuello y la cabeza.<\/strong><\/p>\n\n\n\n<p>Inclusive, por la fuerza del impacto&nbsp;<strong>rompieron parte del interior del avi\u00f3n&nbsp;<\/strong>cuando chocaron contra el techo. Luego de que el vuelo logr\u00f3 llegar a tierra en Auckland, los pasajeros debieron ser&nbsp;<strong>hospitalizados y uno de ellos permanece grave.<\/strong><\/p>\n\n\n\n<figure class=\"wp-block-image\"><img decoding=\"async\" src=\"https:\/\/tn.com.ar\/resizer\/YxfR_cbsyZwhhUPRLfIJdn2jamg=\/767x0\/smart\/filters:format(webp)\/cloudfront-us-east-1.images.arcpublishing.com\/artear\/3RZLTM66YNH2HHD7T35XNTUKJE.jpg\" alt=\"As\u00ed qued\u00f3 uno de los pasajeros del vuelo de Latam que iba de S\u00eddney a Chile y tuvo que aterrizar de emergencia en Auckland. (Foto: NZ Herald)\"\/><\/figure>\n\n\n\n<p>En un video que se difundi\u00f3 a trav\u00e9s del medio&nbsp;<em>NZ Herald,&nbsp;<\/em>se puede observar a varios tripulantes asistiendo a una mujer que se encontraba herida en el suelo. Tambi\u00e9n se escucha que por altavoz preguntan si hay a bordo un m\u00e9dico.<\/p>\n\n\n\n<p><strong>\u201cEl avi\u00f3n cay\u00f3 en picada\u201d<\/strong>, expres\u00f3 una joven identificada como Priscilla Waller-Subritzky. La chica cont\u00f3 que estaba viendo una pel\u00edcula cuando la aeronave perdi\u00f3 altura y \u201cvarios pasajeros y miembros de la tripulaci\u00f3n\u00a0<strong>salieron despedidos hacia el techo\u201d.\u00a0<\/strong>\u201cMe puse en modo de lucha y empec\u00e9 a saltar y a ayudar en lo que pod\u00eda, porque la tripulaci\u00f3n estaba herida y no pod\u00eda ayudar\u201d.<\/p>\n\n\n\n<p>Un hombre, adem\u00e1s, relat\u00f3 c\u00f3mo fueron los momentos posteriores a que se estabilice el vuelo. \u201cCuando pas\u00f3 el efecto de la adrenalina sent\u00ed mucho dolor. Lo que sucedi\u00f3 fue completamente fuera de lo normal\u201d, asegur\u00f3.<\/p>\n\n\n\n<p>\u201cNinguno de nosotros supo lo que hab\u00eda pasado hasta despu\u00e9s del vuelo, yo solo intentaba mantener la calma. Nunca o\u00edmos ning\u00fan anuncio del capit\u00e1n\u201d, agreg\u00f3 otro joven.<\/p>\n\n\n\n<figure class=\"wp-block-image\"><img decoding=\"async\" src=\"https:\/\/tn.com.ar\/resizer\/QrmdbEZbiVBco27SaZRP0TkRVZY=\/767x0\/smart\/filters:format(webp)\/cloudfront-us-east-1.images.arcpublishing.com\/artear\/P6FWTJOZ2RECFDDDZPFEFWVGJM.jpg\" alt=\"El techo del avi\u00f3n se rompi\u00f3 tras el impacto de los pasajeros. (Foto: NZ Herald)\"\/><\/figure>\n\n\n\n<p>Los datos de FlightAware mostraron que el avi\u00f3n perdi\u00f3 altitud a las dos horas de vuelo. \u201cNo hubo ninguna turbulencia previa, estuvimos volando suavemente durante todo el trayecto\u201d, dijo otro pasajero. \u201cMe hab\u00eda quedado dormido y, por suerte, llevaba puesto el cintur\u00f3n de seguridad, y de repente el avi\u00f3n se desplom\u00f3\u201d, a\u00f1adi\u00f3.<\/p>\n\n\n\n<p>\u201cPens\u00e9 que estaba so\u00f1ando. Abr\u00ed los ojos y un hombre estaba en el techo del avi\u00f3n de espaldas, mir\u00e1ndome. Era como \u2018El Exorcista. Despu\u00e9s volvi\u00f3 a caer al suelo y se rompi\u00f3 las costillas con el reposabrazos\u201d, detall\u00f3.<\/p>\n\n\n\n<p>Quienes estaban a bordo intentaron asistir a los que se encontraban m\u00e1s heridos. Reci\u00e9n cuando aterrizaron, seg\u00fan indicaron los testigos, el piloto se acerc\u00f3 a ellos. \u201cLe pregunt\u00e9 qu\u00e9 hab\u00eda pasado y me dijo que<strong>&nbsp;hab\u00eda perdido la instrumentaci\u00f3n brevemente y que hab\u00eda vuelto de repente<\/strong>\u201d, precis\u00f3.<\/p>\n\n\n\n<p>Hasta el momento no est\u00e1n esclarecidas las causas del incidente. La Comisi\u00f3n de Investigaci\u00f3n de Accidentes de Transporte de Nueva Zelanda destac\u00f3 que fue informada sobre el hecho y que estaba \u201crecabando m\u00e1s informaci\u00f3n para anunciar una decisi\u00f3n acerca de abrir una investigaci\u00f3n\u201d.<\/p>\n","protected":false},"excerpt":{"rendered":"<p>El trayecto cubr\u00eda la ruta S\u00eddney &#8211; Chile. Hubo un desperfecto que gener\u00f3 un movimiento brusco. Varias personas golpearon contra el techo y cayeron nuevamente al suelo. Un\u00a0vuelo\u00a0de Latam que&hellip; <\/p>\n","protected":false},"author":8,"featured_media":131827,"comment_status":"closed","ping_status":"open","sticky":false,"template":"","format":"standard","meta":{"footnotes":""},"categories":[11],"tags":[],"class_list":["post-131826","post","type-post","status-publish","format-standard","has-post-thumbnail","hentry","category-internacionales"],"_links":{"self":[{"href":"https:\/\/corrientesdetarde.com\/index.php\/wp-json\/wp\/v2\/posts\/131826","targetHints":{"allow":["GET"]}}],"collection":[{"href":"https:\/\/corrientesdetarde.com\/index.php\/wp-json\/wp\/v2\/posts"}],"about":[{"href":"https:\/\/corrientesdetarde.com\/index.php\/wp-json\/wp\/v2\/types\/post"}],"author":[{"embeddable":true,"href":"https:\/\/corrientesdetarde.com\/index.php\/wp-json\/wp\/v2\/users\/8"}],"replies":[{"embeddable":true,"href":"https:\/\/corrientesdetarde.com\/index.php\/wp-json\/wp\/v2\/comments?post=131826"}],"version-history":[{"count":1,"href":"https:\/\/corrientesdetarde.com\/index.php\/wp-json\/wp\/v2\/posts\/131826\/revisions"}],"predecessor-version":[{"id":131828,"href":"https:\/\/corrientesdetarde.com\/index.php\/wp-json\/wp\/v2\/posts\/131826\/revisions\/131828"}],"wp:featuredmedia":[{"embeddable":true,"href":"https:\/\/corrientesdetarde.com\/index.php\/wp-json\/wp\/v2\/media\/131827"}],"wp:attachment":[{"href":"https:\/\/corrientesdetarde.com\/index.php\/wp-json\/wp\/v2\/media?parent=131826"}],"wp:term":[{"taxonomy":"category","embeddable":true,"href":"https:\/\/corrientesdetarde.com\/index.php\/wp-json\/wp\/v2\/categories?post=131826"},{"taxonomy":"post_tag","embeddable":true,"href":"https:\/\/corrientesdetarde.com\/index.php\/wp-json\/wp\/v2\/tags?post=131826"}],"curies":[{"name":"wp","href":"https:\/\/api.w.org\/{rel}","templated":true}]}}