{"id":131839,"date":"2024-03-11T15:55:38","date_gmt":"2024-03-11T18:55:38","guid":{"rendered":"https:\/\/corrientesdetarde.com\/?p=131839"},"modified":"2024-03-11T15:55:50","modified_gmt":"2024-03-11T18:55:50","slug":"con-la-aplicacion-de-la-ley-antiterrorista-el-gobierno-busca-desarmar-el-entramado-financiero-de-los-narcos","status":"publish","type":"post","link":"https:\/\/corrientesdetarde.com\/index.php\/actualidad\/con-la-aplicacion-de-la-ley-antiterrorista-el-gobierno-busca-desarmar-el-entramado-financiero-de-los-narcos\/","title":{"rendered":"Con la aplicaci\u00f3n de la \u201cLey Antiterrorista\u201d, el Gobierno busca desarmar el entramado financiero de los narcos"},"content":{"rendered":"\n<p>La normativa fue sancionada para combatir el lavado de activos y la financiaci\u00f3n del terrorismo. Un art\u00edculo se refiere puntualmente a los delitos que tienen la finalidad de \u201caterrorizar a la poblaci\u00f3n\u201d.<\/p>\n\n\n\n<p>La ministra de Seguridad,\u00a0Patricia Bullrich, adelant\u00f3 este lunes que le pedir\u00e1 a la Justicia\u00a0la implementaci\u00f3n de la ley antiterrorista\u00a0para combatir el narcotr\u00e1fico en Rosario, en medio de\u00a0la escalada de violencia que sufre la ciudad santafesina.<\/p>\n\n\n\n<p>La funcionaria nacional lo anunci\u00f3 en una conferencia de prensa que dio junto al intendente de Rosario,\u00a0<strong>Pablo Javkin,<\/strong>\u00a0al ministro de Defensa,\u00a0<strong>Luis Petri<\/strong>, y al gobernador de Santa Fe,\u00a0<strong>Maximiliano Pullaro.<\/strong><\/p>\n\n\n\n<h2 class=\"wp-block-heading\">Qu\u00e9 dice la Ley Antiterrorista<\/h2>\n\n\n\n<p>La Ley 26.734 fue sancionada con el objetivo de&nbsp;<strong>\u201ccombatir el lavado de activos y la financiaci\u00f3n del terrorismo\u201d&nbsp;<\/strong>porque, seg\u00fan estableci\u00f3 el Grupo de Acci\u00f3n Financiera Internacional (GAFI), ambas problem\u00e1ticas est\u00e1n relacionadas.<\/p>\n\n\n\n<p>La normativa establece el campo de actuaci\u00f3n de la\u00a0<strong>Unidad de Informaci\u00f3n Financiera (UIF)<\/strong>. Este organismo estatal es el encargado del \u201can\u00e1lisis, el tratamiento y la transmisi\u00f3n de informaci\u00f3n a los efectos de prevenir e impedir el lavado de activos y\u00a0la financiaci\u00f3n del terrorismo\u201d.<\/p>\n\n\n\n<p>Este organismo procesa datos de empresas, corporaciones y diferentes tipos de personas jur\u00eddicas, combatiendo al mismo tiempo&nbsp;<strong>el tr\u00e1fico de drogas, el contrabando de armas, fraudes contra la administraci\u00f3n p\u00fablica<\/strong>&nbsp;y delitos como la trata de personas o la pornograf\u00eda infantil.<\/p>\n\n\n\n<figure class=\"wp-block-image\"><img decoding=\"async\" src=\"https:\/\/tn.com.ar\/resizer\/1HCuKsOKgDPOUJsIx8Izjw4VU7E=\/767x0\/smart\/filters:format(webp)\/cloudfront-us-east-1.images.arcpublishing.com\/artear\/U46DLGVASRAQRLI4SPIPMIVACA.jpg\" alt=\"El intendente de Rosario, Pablo Javkin, el ministro de Defensa, Luis Petri, su par de Seguridad, Patricia Bullrich, y el gobernador de Santa Fe, Maximiliano Pullaro, en conferencia de prensa (Foto: X @luispetri).\"\/><\/figure>\n\n\n\n<h2 class=\"wp-block-heading\">C\u00f3mo el gobierno quiere que se aplique la Ley Antiterrorista<\/h2>\n\n\n\n<p>Un art\u00edculo de esta ley ser\u00e1 clave para la compleja situaci\u00f3n que sufre \u00a0Rosario\u00a0  desde hace a\u00f1os y que se agrav\u00f3 durante la \u00faltima semana con el crimen de cuatro trabajadores.<\/p>\n\n\n\n<p>Se trata del art\u00edculo 41 de la Ley Antiterrorista, que funciona como agravante y que&nbsp;<strong>duplica las penas en los delitos cometidos<\/strong>&nbsp;que tienen la finalidad de&nbsp;<strong>\u201caterrorizar a la poblaci\u00f3n\u201d.<\/strong><\/p>\n\n\n\n<p>\u201cEn el art\u00edculo 41 dice que toda acci\u00f3n que tenga por objeto<strong>&nbsp;amedrentar a la poblaci\u00f3n y sembrar el terror<\/strong>&nbsp;<strong>tiene doble pena<\/strong>\u201d, afirm\u00f3 Patricia Bullrich en la conferencia de prensa de este lunes.<\/p>\n\n\n\n<p>Para el Ministerio de Seguridad ser\u00e1 clave este art\u00edculo, dado que en el\u00a0crimen de Bruno Bussanich, los asesinos dejaron una nota con amenazas contra el gobernador de Santa Fe,\u00a0<strong>Maximiliano Pullaro,<\/strong>\u00a0y el ministro de Seguridad de la provincia,<strong>\u00a0Pablo Cococcioni.<\/strong><\/p>\n\n\n\n<h2 class=\"wp-block-heading\">De cu\u00e1ntos a\u00f1os es la pena de la Ley Antiterrorista<\/h2>\n\n\n\n<p>La Ley Antiterrorista establece una pena de hasta&nbsp;<strong>15 a\u00f1os de prisi\u00f3n&nbsp;<\/strong>\u2014con multas incluidas\u2014 para las personas que financien las actividades terroristas, tanto para particulares como para organizaciones.<\/p>\n\n\n\n<h2 class=\"wp-block-heading\">Cu\u00e1l fue el cambio que hizo el kirchnerismo en la Ley Antiterrorista<\/h2>\n\n\n\n<p>La<strong>&nbsp;Ley Antiterrorista<\/strong>&nbsp;tuvo un cambio en su legislaci\u00f3n en 2011. Se trata de dos art\u00edculos que aumentan las penas a los delitos que se cometan \u201ccon la finalidad de aterrorizar a la poblaci\u00f3n\u201d o de&nbsp;<strong>\u201cobligar a las autoridades p\u00fablicas a realizar un acto o abstenerse de hacerlo\u201d.<\/strong><\/p>\n\n\n\n<p>Las modificaciones provocaron los<strong>\u00a0se\u00f1alamientos de organizaciones pol\u00edticas y sociales,<\/strong>\u00a0que entendieron que se pod\u00eda usar la normativa para llevar a cabo acusaciones de actos terroristas a activistas.<\/p>\n\n\n\n<p>Por ese motivo, el Gobierno \u2014a cargo de Cristina Kirchner en aquel momento\u2014 introdujo un p\u00e1rrafo m\u00e1s al art\u00edculo 41, que establece: \u201cLas agravantes previstas en este art\u00edculo no se aplicar\u00e1n cuando el o los hechos de que se traten tuvieren lugar en ocasi\u00f3n del&nbsp;<strong>ejercicio de derechos humanos y\/o sociales o de cualquier otro derecho constitucional\u201d.<\/strong><\/p>\n","protected":false},"excerpt":{"rendered":"<p>La normativa fue sancionada para combatir el lavado de activos y la financiaci\u00f3n del terrorismo. Un art\u00edculo se refiere puntualmente a los delitos que tienen la finalidad de \u201caterrorizar a&hellip; <\/p>\n","protected":false},"author":8,"featured_media":131840,"comment_status":"closed","ping_status":"open","sticky":false,"template":"","format":"standard","meta":{"footnotes":""},"categories":[23],"tags":[],"class_list":["post-131839","post","type-post","status-publish","format-standard","has-post-thumbnail","hentry","category-actualidad"],"_links":{"self":[{"href":"https:\/\/corrientesdetarde.com\/index.php\/wp-json\/wp\/v2\/posts\/131839","targetHints":{"allow":["GET"]}}],"collection":[{"href":"https:\/\/corrientesdetarde.com\/index.php\/wp-json\/wp\/v2\/posts"}],"about":[{"href":"https:\/\/corrientesdetarde.com\/index.php\/wp-json\/wp\/v2\/types\/post"}],"author":[{"embeddable":true,"href":"https:\/\/corrientesdetarde.com\/index.php\/wp-json\/wp\/v2\/users\/8"}],"replies":[{"embeddable":true,"href":"https:\/\/corrientesdetarde.com\/index.php\/wp-json\/wp\/v2\/comments?post=131839"}],"version-history":[{"count":1,"href":"https:\/\/corrientesdetarde.com\/index.php\/wp-json\/wp\/v2\/posts\/131839\/revisions"}],"predecessor-version":[{"id":131841,"href":"https:\/\/corrientesdetarde.com\/index.php\/wp-json\/wp\/v2\/posts\/131839\/revisions\/131841"}],"wp:featuredmedia":[{"embeddable":true,"href":"https:\/\/corrientesdetarde.com\/index.php\/wp-json\/wp\/v2\/media\/131840"}],"wp:attachment":[{"href":"https:\/\/corrientesdetarde.com\/index.php\/wp-json\/wp\/v2\/media?parent=131839"}],"wp:term":[{"taxonomy":"category","embeddable":true,"href":"https:\/\/corrientesdetarde.com\/index.php\/wp-json\/wp\/v2\/categories?post=131839"},{"taxonomy":"post_tag","embeddable":true,"href":"https:\/\/corrientesdetarde.com\/index.php\/wp-json\/wp\/v2\/tags?post=131839"}],"curies":[{"name":"wp","href":"https:\/\/api.w.org\/{rel}","templated":true}]}}