{"id":131855,"date":"2024-03-11T16:46:21","date_gmt":"2024-03-11T19:46:21","guid":{"rendered":"https:\/\/corrientesdetarde.com\/?p=131855"},"modified":"2024-03-11T17:04:16","modified_gmt":"2024-03-11T20:04:16","slug":"se-realizo-la-exhibicion-de-autos-en-la-feria-de-emprendedores","status":"publish","type":"post","link":"https:\/\/corrientesdetarde.com\/index.php\/eventos\/se-realizo-la-exhibicion-de-autos-en-la-feria-de-emprendedores\/","title":{"rendered":"Se realiz\u00f3 la exhibici\u00f3n de autos en la Feria de Emprendedores"},"content":{"rendered":"\n<p>Se &nbsp;llevaron a &nbsp;cabo, este domingo 10, las ferias de emprendedores organizadas por el Ministerio de Desarrollo Social, con una gran exposici\u00f3n de autos antiguos en el Paseo Iber\u00e1. Adem\u00e1s,&nbsp;se realiz\u00f3&nbsp;las Feria&nbsp;en el Parque Eucaliptal. Las mismas estuvieron a cargo bajo la coordinaci\u00f3n de la Direcci\u00f3n de Comercializaci\u00f3n de Econom\u00eda Social.<br>En el Paseo Iber\u00e1, este domingo a partir de las 18,&nbsp;Team Baranda present\u00f3 la exhibici\u00f3n de autos antiguos y recaudaron ropas y alimentos para los afectados por la inundaci\u00f3n.<br>Al mismo tiempo, m\u00e1s de 300 artesanos y emprendedores expusieron sus productos en distintos rubros: maderas, hierros, textil, tejidos, viveros, gastronom\u00eda y emprendimientos de reventa. Adem\u00e1s, se cont\u00f3 con patio de comidas.<br>Por otra parte, en el Parque Eucaliptal del Barrio San Ger\u00f3nimo: artesanos, emprendedores gastron\u00f3micos y de reventas estuvieron exponiendo sus productos, el domingo 10 desde las 18.<br>El fundador de Team Baranda coment\u00f3: &#8220;soy Miguel Baranda uno de los fundadores del &nbsp;grupo,&nbsp;somos un emprendimiento familiar conformado por la familia D\u00edaz y la familia Baranda: tenemos un grupo de autos solidarios para brindar ayuda a gente que lo necesite, hoy estamos con los inundados. Unos 40 autos participaron hoy, como solidaridad se junt\u00f3 un poco de ropa, tambi\u00e9n se trajo alimentos para vender y con lo recaudado comprar lo que se necesite como s\u00e1banas y colchones, colaborando entre todos vamos a salir adelante&#8221;.<\/p>\n\n\n\n<figure class=\"wp-block-image size-full\"><img loading=\"lazy\" decoding=\"async\" width=\"960\" height=\"834\" src=\"https:\/\/corrientesdetarde.com\/wp-content\/uploads\/2024\/03\/image-233.png\" alt=\"\" class=\"wp-image-131856\" srcset=\"https:\/\/corrientesdetarde.com\/wp-content\/uploads\/2024\/03\/image-233.png 960w, https:\/\/corrientesdetarde.com\/wp-content\/uploads\/2024\/03\/image-233-300x261.png 300w, https:\/\/corrientesdetarde.com\/wp-content\/uploads\/2024\/03\/image-233-768x667.png 768w\" sizes=\"auto, (max-width: 960px) 100vw, 960px\" \/><\/figure>\n\n\n\n<figure class=\"wp-block-image size-full\"><img loading=\"lazy\" decoding=\"async\" width=\"960\" height=\"774\" src=\"https:\/\/corrientesdetarde.com\/wp-content\/uploads\/2024\/03\/image-234.png\" alt=\"\" class=\"wp-image-131857\" srcset=\"https:\/\/corrientesdetarde.com\/wp-content\/uploads\/2024\/03\/image-234.png 960w, https:\/\/corrientesdetarde.com\/wp-content\/uploads\/2024\/03\/image-234-300x242.png 300w, https:\/\/corrientesdetarde.com\/wp-content\/uploads\/2024\/03\/image-234-768x619.png 768w\" sizes=\"auto, (max-width: 960px) 100vw, 960px\" \/><\/figure>\n","protected":false},"excerpt":{"rendered":"<p>Se &nbsp;llevaron a &nbsp;cabo, este domingo 10, las ferias de emprendedores organizadas por el Ministerio de Desarrollo Social, con una gran exposici\u00f3n de autos antiguos en el Paseo Iber\u00e1. Adem\u00e1s,&nbsp;se&hellip; <\/p>\n","protected":false},"author":8,"featured_media":131858,"comment_status":"closed","ping_status":"open","sticky":false,"template":"","format":"standard","meta":{"footnotes":""},"categories":[22],"tags":[],"class_list":["post-131855","post","type-post","status-publish","format-standard","has-post-thumbnail","hentry","category-eventos"],"_links":{"self":[{"href":"https:\/\/corrientesdetarde.com\/index.php\/wp-json\/wp\/v2\/posts\/131855","targetHints":{"allow":["GET"]}}],"collection":[{"href":"https:\/\/corrientesdetarde.com\/index.php\/wp-json\/wp\/v2\/posts"}],"about":[{"href":"https:\/\/corrientesdetarde.com\/index.php\/wp-json\/wp\/v2\/types\/post"}],"author":[{"embeddable":true,"href":"https:\/\/corrientesdetarde.com\/index.php\/wp-json\/wp\/v2\/users\/8"}],"replies":[{"embeddable":true,"href":"https:\/\/corrientesdetarde.com\/index.php\/wp-json\/wp\/v2\/comments?post=131855"}],"version-history":[{"count":1,"href":"https:\/\/corrientesdetarde.com\/index.php\/wp-json\/wp\/v2\/posts\/131855\/revisions"}],"predecessor-version":[{"id":131859,"href":"https:\/\/corrientesdetarde.com\/index.php\/wp-json\/wp\/v2\/posts\/131855\/revisions\/131859"}],"wp:featuredmedia":[{"embeddable":true,"href":"https:\/\/corrientesdetarde.com\/index.php\/wp-json\/wp\/v2\/media\/131858"}],"wp:attachment":[{"href":"https:\/\/corrientesdetarde.com\/index.php\/wp-json\/wp\/v2\/media?parent=131855"}],"wp:term":[{"taxonomy":"category","embeddable":true,"href":"https:\/\/corrientesdetarde.com\/index.php\/wp-json\/wp\/v2\/categories?post=131855"},{"taxonomy":"post_tag","embeddable":true,"href":"https:\/\/corrientesdetarde.com\/index.php\/wp-json\/wp\/v2\/tags?post=131855"}],"curies":[{"name":"wp","href":"https:\/\/api.w.org\/{rel}","templated":true}]}}