{"id":131863,"date":"2024-03-11T16:54:25","date_gmt":"2024-03-11T19:54:25","guid":{"rendered":"https:\/\/corrientesdetarde.com\/?p=131863"},"modified":"2024-03-11T16:54:29","modified_gmt":"2024-03-11T19:54:29","slug":"pullaro-tras-los-crimenes-en-rosario-la-reaccion-de-los-narcos-es-porque-se-sienten-acorralados","status":"publish","type":"post","link":"https:\/\/corrientesdetarde.com\/index.php\/actualidad\/pullaro-tras-los-crimenes-en-rosario-la-reaccion-de-los-narcos-es-porque-se-sienten-acorralados\/","title":{"rendered":"Pullaro tras los cr\u00edmenes en Rosario: \u201cLa reacci\u00f3n de los narcos es porque se sienten acorralados\u201d"},"content":{"rendered":"\n<p>El gobernador de Santa Fe dijo que la ciudad est\u00e1 viviendo \u201chechos de terrorismo urbano\u201d y asegur\u00f3 que no va a dar marcha atr\u00e1s con los operativos en las c\u00e1rceles.<\/p>\n\n\n\n<p>El gobernador de Santa Fe,\u00a0Maximiliano Pullaro, asegur\u00f3 que la escalada de violencia en Rosario se debe a que las organizaciones criminales que manejan el narcotr\u00e1fico \u201cse sienten acorralados\u201d.<\/p>\n\n\n\n<p>Pullaro dijo que la ciudad santafesina est\u00e1 viviendo\u00a0<strong>\u201chechos de terrorismo urbano\u201d,\u00a0<\/strong>luego de los cuatro cr\u00edmenes de los \u00faltimos d\u00edas, y ratific\u00f3 la llegada de las fuerzas federales y del Ej\u00e9rcito en las pr\u00f3ximas horas.<\/p>\n\n\n\n<p>El mandatario provincial tambi\u00e9n inform\u00f3 que llegar\u00e1 a Santa Fe un&nbsp;<strong>grupo especializado de las Fuerzas Federales que va a investigar el lavado de activos<\/strong>. \u201cSe va a investigar a los empresarios que son parte del negocio narcocriminal\u201d, se\u00f1al\u00f3.<\/p>\n\n\n\n<p>\u201cLo que se pretende es llevar una conmoci\u00f3n en la sociedad.&nbsp;<strong>Se pueden definir fuertemente como ataques terroristas\u201d<\/strong>, remarc\u00f3 sobre las amenazas que sufrieron los funcionarios en los \u00faltimos d\u00edas.<\/p>\n\n\n\n<p>El jefe de Estado provincial tambi\u00e9n asegur\u00f3 que no dar\u00e1 marcha atr\u00e1s con las tajantes medidas tomadas dentro del servicio penitenciario: \u201cEl control de las c\u00e1rceles va a seguir siendo&nbsp;<strong>tan estricto como nos permita la ley.<\/strong>&nbsp;Ellos no logran organizarse porque los jefes est\u00e1n presos. No vamos a volver un solo mil\u00edmetro atr\u00e1s con esto\u201d.<\/p>\n\n\n\n<figure class=\"wp-block-image\"><img decoding=\"async\" src=\"https:\/\/tn.com.ar\/resizer\/5kTb0tFzf4ZTtt3abCVbT08jkJA=\/767x0\/smart\/filters:format(webp)\/cloudfront-us-east-1.images.arcpublishing.com\/artear\/PCUZ4K3KLJDNDB32KJMQWLI4UE.jpeg\" alt=\"El comit\u00e9 ser\u00e1 presidido por Maximiliano Pullaro y Patricia Bullrich.\"\/><figcaption class=\"wp-element-caption\">El comit\u00e9 ser\u00e1 presidido por Maximiliano Pullaro y Patricia Bullrich.<\/figcaption><\/figure>\n\n\n\n<p>\u201cVamos a seguir trabajando de manera intensa para dar con los responsables de los cinco ataques.&nbsp;<strong>Vamos a ir por los responsables intelectuales tambi\u00e9n, no solo los materiales\u201d<\/strong>, adelant\u00f3 en di\u00e1logo con<em>&nbsp;Nelson Castro.<\/em><\/p>\n\n\n\n<p>Con respecto a los \u00faltimos cuatro cr\u00edmenes que acontecieron en Rosario, el gobernador revel\u00f3 que desde la investigaci\u00f3n est\u00e1n&nbsp;<strong>cerca de individualizar a los autores materiales.&nbsp;<\/strong>\u201cEstamos trabajando fuertemente para individualizar a los autores intelectuales\u201d, agreg\u00f3.<\/p>\n\n\n\n<p>En ese sentido, ratific\u00f3 la recompensa de $10 millones para las personas que aporten datos sobre las causas que involucran a los cuatro asesinatos. \u201cNo van a quedar impunes, van a ir presos y van a tener la pena de prisi\u00f3n perpetua\u201d, remarc\u00f3.<\/p>\n\n\n\n<p>El gobernador santafesino ratific\u00f3 las pol\u00edticas sobre la poblaci\u00f3n penal: \u201cAqu\u00ed&nbsp;<strong>se mandaba a matar y a extorsionar,<\/strong>&nbsp;tambi\u00e9n a administrar el negocio ilegal de la venta de estupefacientes. Eso cambi\u00f3 y gener\u00f3 distintas reacciones\u201d.<\/p>\n\n\n\n<p>\u201cPretend\u00edan que<strong>&nbsp;volvamos atr\u00e1s con las medidas&nbsp;<\/strong>que llevamos adelante con las medidas sobre el servicio penitenciario\u201d, explic\u00f3 Pullaro sobre el motivo de los ataques de los \u00faltimos d\u00edas.<\/p>\n\n\n\n<p>En ese sentido, el mandatario provincial reconoci\u00f3 que las principales organizaciones criminales se unieron para combatir al Estado: \u201cEran bandas rivales que se disputaban el poder del territorio entre ellos. Ahora&nbsp;<strong>presentaron habeas corpus con los mismos abogados y los mismos argumentos\u201d.<\/strong><\/p>\n\n\n\n<figure class=\"wp-block-image\"><img decoding=\"async\" src=\"https:\/\/tn.com.ar\/resizer\/HA5HzRRvBjYK32rqHBXGFH1nhS0=\/767x0\/smart\/filters:format(webp)\/cloudfront-us-east-1.images.arcpublishing.com\/artear\/LJZ32WY55BA6HKLFRO3H7AUIME.jpg\" alt=\"Los ministros de Defensa, Luis Petri, de Seguridad, Patricia Bullrich, y el gobernador de Santa Fe, Maximiliano Pullaro, en conferencia de prensa en Rosario (Foto: Presidencia).\"\/><\/figure>\n\n\n\n<p>El\u00a0gobernador de Santa Fe\u00a0adelant\u00f3 que buscar\u00e1n cortar con las dos dimensiones de las organizaciones criminales: el narcotr\u00e1fico y el narcomenudeo.\u00a0<strong>\u201cVamos a poder delimitar de d\u00f3nde ingresa la droga a la provincia de Santa Fe\u201d.<\/strong><\/p>\n\n\n\n<p>\u201cSi tenemos<strong>&nbsp;el control estricto de nuestra frontera a\u00e9rea y terrestre,&nbsp;<\/strong>se las vamos a hacer mucho m\u00e1s dif\u00edcil a quienes vienen. Despu\u00e9s hay que ser muy duros con quienes la comercializan, porque son personas que est\u00e1n enfermando a la sociedad y generan un da\u00f1o irreparable\u201d, se\u00f1al\u00f3 Pullaro.<\/p>\n\n\n\n<p>En esa misma l\u00ednea, indic\u00f3: \u201cEn el narcotr\u00e1fico probablemente est\u00e9 involucrada la hidrov\u00eda. El narcomenudeo es el que genera estos problemas de violencia\u201d.<\/p>\n\n\n\n<p>Con respecto a las bandas narco, asegur\u00f3: \u201cEstas organizaciones criminales son muy violentas, pero<strong>&nbsp;son muy precarias y tenemos que demostrar que el Estado tiene el poder para desmantelarlas\u201d.<\/strong><\/p>\n\n\n\n<p>\u201cQuienes estamos en la funci\u00f3n p\u00fablica podemos tener angustia por las cosas que suceden. Pero si el miedo nos paraliza y nos quiebra,&nbsp;<strong>van a hacer que ellos nos ganen y<\/strong>&nbsp;nosotros tenemos mucho para darle a nuestro pa\u00eds\u201d, complet\u00f3.<\/p>\n","protected":false},"excerpt":{"rendered":"<p>El gobernador de Santa Fe dijo que la ciudad est\u00e1 viviendo \u201chechos de terrorismo urbano\u201d y asegur\u00f3 que no va a dar marcha atr\u00e1s con los operativos en las c\u00e1rceles.&hellip; <\/p>\n","protected":false},"author":8,"featured_media":131864,"comment_status":"closed","ping_status":"open","sticky":false,"template":"","format":"standard","meta":{"footnotes":""},"categories":[23],"tags":[],"class_list":["post-131863","post","type-post","status-publish","format-standard","has-post-thumbnail","hentry","category-actualidad"],"_links":{"self":[{"href":"https:\/\/corrientesdetarde.com\/index.php\/wp-json\/wp\/v2\/posts\/131863","targetHints":{"allow":["GET"]}}],"collection":[{"href":"https:\/\/corrientesdetarde.com\/index.php\/wp-json\/wp\/v2\/posts"}],"about":[{"href":"https:\/\/corrientesdetarde.com\/index.php\/wp-json\/wp\/v2\/types\/post"}],"author":[{"embeddable":true,"href":"https:\/\/corrientesdetarde.com\/index.php\/wp-json\/wp\/v2\/users\/8"}],"replies":[{"embeddable":true,"href":"https:\/\/corrientesdetarde.com\/index.php\/wp-json\/wp\/v2\/comments?post=131863"}],"version-history":[{"count":1,"href":"https:\/\/corrientesdetarde.com\/index.php\/wp-json\/wp\/v2\/posts\/131863\/revisions"}],"predecessor-version":[{"id":131865,"href":"https:\/\/corrientesdetarde.com\/index.php\/wp-json\/wp\/v2\/posts\/131863\/revisions\/131865"}],"wp:featuredmedia":[{"embeddable":true,"href":"https:\/\/corrientesdetarde.com\/index.php\/wp-json\/wp\/v2\/media\/131864"}],"wp:attachment":[{"href":"https:\/\/corrientesdetarde.com\/index.php\/wp-json\/wp\/v2\/media?parent=131863"}],"wp:term":[{"taxonomy":"category","embeddable":true,"href":"https:\/\/corrientesdetarde.com\/index.php\/wp-json\/wp\/v2\/categories?post=131863"},{"taxonomy":"post_tag","embeddable":true,"href":"https:\/\/corrientesdetarde.com\/index.php\/wp-json\/wp\/v2\/tags?post=131863"}],"curies":[{"name":"wp","href":"https:\/\/api.w.org\/{rel}","templated":true}]}}