{"id":131866,"date":"2024-03-11T16:59:04","date_gmt":"2024-03-11T19:59:04","guid":{"rendered":"https:\/\/corrientesdetarde.com\/?p=131866"},"modified":"2024-03-11T16:59:15","modified_gmt":"2024-03-11T19:59:15","slug":"el-gran-gesto-de-lionel-messi-con-los-jugadores-del-cf-montreal-luego-de-la-derrota-del-inter-miami","status":"publish","type":"post","link":"https:\/\/corrientesdetarde.com\/index.php\/deportes\/el-gran-gesto-de-lionel-messi-con-los-jugadores-del-cf-montreal-luego-de-la-derrota-del-inter-miami\/","title":{"rendered":"El gran gesto de Lionel Messi con los jugadores del CF Montreal luego de la derrota del Inter Miami"},"content":{"rendered":"\n<p>El 10 de las Garzas no fue convocado para el partido, pero estuvo en las tribunas y despu\u00e9s se encontr\u00f3 con compa\u00f1eros y rivales en los vestuarios.<\/p>\n\n\n\n<p>Inter Miami perdi\u00f3 3-2 con CF Montreal\u00a0por la fecha 3 de la MLS. Lo m\u00e1s importante del partido fue la ausencia de\u00a0Lionel Messi, por decisi\u00f3n de Gerardo Martino, aunque el delantero se sent\u00f3 junto a su familia en una de las tribunas del estadio para ver el encuentro. Una vez que finaliz\u00f3,\u00a0se acerc\u00f3 a saludar a todos los protagonistas que lo esperaban en el vestuario.<\/p>\n\n\n\n<p>El defensor italiano<strong>\u00a0Gabriele Corbo<\/strong>, el brasile\u00f1o\u00a0<strong>Ruan<\/strong>, el costarricense\u00a0<strong>Ariel Lassiter<\/strong>\u00a0y el uruguayo\u00a0<strong>Joaqu\u00edn Sosa<\/strong>\u00a0consiguieron un momento \u00edntimo junto a Leo y publicaron sus fotos junto al campe\u00f3n del mundo.<\/p>\n\n\n\n<figure class=\"wp-block-image\"><img decoding=\"async\" src=\"https:\/\/tn.com.ar\/resizer\/pmpyv4ZzGnF09-GsCdYiAaZxFPw=\/767x0\/smart\/filters:format(webp)\/cloudfront-us-east-1.images.arcpublishing.com\/artear\/PUNCL4LKY5CSVM4MRQVLZYG2MM.jfif\" alt=\"Ruan fue uno de los jugadores de CF Montreal que lograron tener una foto con Messi. (Foto: IG @ruan_teixeira)\"\/><\/figure>\n\n\n\n<p>Aunque&nbsp;<strong>Mathieu Choini\u00e8re&nbsp;<\/strong>fue m\u00e1s all\u00e1 y, adem\u00e1s de pedir una foto,<strong>&nbsp;le llev\u00f3 una camiseta de la Selecci\u00f3n argentina a Lionel para que estampara su firma<\/strong>. Lo curioso fue que la acci\u00f3n se llev\u00f3 a cabo en uno de los pasillos del Chase Stadium y frente al resto de los jugadores del Montreal.<\/p>\n\n\n\n<figure class=\"wp-block-image\"><img decoding=\"async\" src=\"https:\/\/tn.com.ar\/resizer\/mqGco1_c73JQGiUqZnBBv8y7AEU=\/767x0\/smart\/filters:format(webp)\/thumbs.vodgc.net\/1-14-XoPOCJ1710179922350_720P.jpg\" alt=\"Video Placeholder\"\/><\/figure>\n\n\n\n<p><\/p>\n\n\n\n<h2 class=\"wp-block-heading\">Por qu\u00e9 Lionel Messi no jug\u00f3 en el partido de Inter Miami ante CF Montreal por la MLS<\/h2>\n\n\n\n<p>En el \u00faltimo partido de Inter ante Nashville, Messi hab\u00eda recibido una una dur\u00edsima patada. El defensor Lukas MacNaughton&nbsp;<strong>rechaz\u00f3 y le dej\u00f3 la plancha en la tibia del rosarino<\/strong>, que mostr\u00f3 gestos de dolor pero luego de recibir la asistencia m\u00e9dica logr\u00f3 continuar jugando.<\/p>\n\n\n\n<p>En tanto que, horas antes del encuentro ante CF Montreal, se hab\u00eda viralizado una imagen del campe\u00f3n del mundo con&nbsp;<strong>hielo en su pierna izquierda<\/strong>.<\/p>\n\n\n\n<figure class=\"wp-block-image\"><img decoding=\"async\" src=\"https:\/\/tn.com.ar\/resizer\/_TR-vUGUFubeFZ1GT_AFhs3h-OY=\/767x0\/smart\/filters:format(webp)\/cloudfront-us-east-1.images.arcpublishing.com\/artear\/6ZV4WJVBHFEINNTRUDIIEBFT6A.jfif\" alt=\"La foto de Lionel Messi con hielo en su pierna que alert\u00f3 a todos los hinchas. (Foto: @sudanalytics_)\"\/><\/figure>\n\n\n\n<p>\u201cTanto Luis (Su\u00e1rez), Leo como todos los jugadores que tienen jugando muchos minutos, sobre todo en esta seguidilla de partidos, la idea es manejarlo de la mejor manera para que ellos puedan tener un rendimiento.&nbsp;<strong>Esto es a largo plazo, reci\u00e9n est\u00e1 empezando, tampoco podemos hacer locuras<\/strong>\u201d, hab\u00eda dicho Javier Morales, uno de los ayudantes de Martino, en la previa al duelo ante Montreal.<\/p>\n","protected":false},"excerpt":{"rendered":"<p>El 10 de las Garzas no fue convocado para el partido, pero estuvo en las tribunas y despu\u00e9s se encontr\u00f3 con compa\u00f1eros y rivales en los vestuarios. Inter Miami perdi\u00f3&hellip; <\/p>\n","protected":false},"author":8,"featured_media":131867,"comment_status":"closed","ping_status":"open","sticky":false,"template":"","format":"standard","meta":{"footnotes":""},"categories":[4],"tags":[],"class_list":["post-131866","post","type-post","status-publish","format-standard","has-post-thumbnail","hentry","category-deportes"],"_links":{"self":[{"href":"https:\/\/corrientesdetarde.com\/index.php\/wp-json\/wp\/v2\/posts\/131866","targetHints":{"allow":["GET"]}}],"collection":[{"href":"https:\/\/corrientesdetarde.com\/index.php\/wp-json\/wp\/v2\/posts"}],"about":[{"href":"https:\/\/corrientesdetarde.com\/index.php\/wp-json\/wp\/v2\/types\/post"}],"author":[{"embeddable":true,"href":"https:\/\/corrientesdetarde.com\/index.php\/wp-json\/wp\/v2\/users\/8"}],"replies":[{"embeddable":true,"href":"https:\/\/corrientesdetarde.com\/index.php\/wp-json\/wp\/v2\/comments?post=131866"}],"version-history":[{"count":1,"href":"https:\/\/corrientesdetarde.com\/index.php\/wp-json\/wp\/v2\/posts\/131866\/revisions"}],"predecessor-version":[{"id":131868,"href":"https:\/\/corrientesdetarde.com\/index.php\/wp-json\/wp\/v2\/posts\/131866\/revisions\/131868"}],"wp:featuredmedia":[{"embeddable":true,"href":"https:\/\/corrientesdetarde.com\/index.php\/wp-json\/wp\/v2\/media\/131867"}],"wp:attachment":[{"href":"https:\/\/corrientesdetarde.com\/index.php\/wp-json\/wp\/v2\/media?parent=131866"}],"wp:term":[{"taxonomy":"category","embeddable":true,"href":"https:\/\/corrientesdetarde.com\/index.php\/wp-json\/wp\/v2\/categories?post=131866"},{"taxonomy":"post_tag","embeddable":true,"href":"https:\/\/corrientesdetarde.com\/index.php\/wp-json\/wp\/v2\/tags?post=131866"}],"curies":[{"name":"wp","href":"https:\/\/api.w.org\/{rel}","templated":true}]}}