{"id":131869,"date":"2024-03-11T17:03:12","date_gmt":"2024-03-11T20:03:12","guid":{"rendered":"https:\/\/corrientesdetarde.com\/?p=131869"},"modified":"2024-03-11T17:03:15","modified_gmt":"2024-03-11T20:03:15","slug":"paso-crucial-para-resolver-la-millonaria-deuda-de-vicentin-homologaron-el-concurso-de-acreedores","status":"publish","type":"post","link":"https:\/\/corrientesdetarde.com\/index.php\/sociales\/paso-crucial-para-resolver-la-millonaria-deuda-de-vicentin-homologaron-el-concurso-de-acreedores\/","title":{"rendered":"Paso crucial para resolver la millonaria deuda de Vicentin: homologaron el concurso de acreedores"},"content":{"rendered":"\n<p>La C\u00e1mara de Apelaciones Civil, Comercial y Laboral de Santa Fe abri\u00f3 la puerta para la implementaci\u00f3n del plan de pagos y la transferencia de titularidad.<\/p>\n\n\n\n<p>La<strong>\u00a0C\u00e1mara de Apelaciones de Santa Fe\u00a0<\/strong>resolvi\u00f3\u00a0<strong>homologar el concurso de acreedores de<\/strong> \u00a0Vicentin,  despejando un camino que estuvo marcado por desaf\u00edos legales y tensiones financieras. Aunque ya se hab\u00edan obtenido las mayor\u00edas de avales requeridas por ley, la aprobaci\u00f3n del juez de primera instancia,\u00a0<strong>Fabi\u00e1n Lorenzini<\/strong>, se hac\u00eda esperar. La reciente convalidaci\u00f3n de segunda instancia judicial allana el terreno para la ejecuci\u00f3n del\u00a0<strong>plan de pagos destinado a 1.600 acreedores.<\/strong><\/p>\n\n\n\n<p>En ese sentido, el plan de pagos propuesto contempla una<strong>\u00a0distribuci\u00f3n inicial de US$ 30.000 para cada una de las firmas personales o societarias<\/strong>\u00a0que verificaron su situaci\u00f3n. Con este enfoque, la mitad de los acreedores podr\u00eda saldar completamente sus deudas.<\/p>\n\n\n\n<p>Adem\u00e1s, el plan incluye la<strong>\u00a0transferencia de titularidad de la empresa<\/strong>, donde la familia fundadora y sus herederos<strong>\u00a0ceder\u00edan el 95% de las acciones a los nuevos Inversores Estrat\u00e9gicos<\/strong>. Este proceso se llevar\u00e1 a cabo en un lapso de 12 a\u00f1os, permitiendo una transici\u00f3n gradual en el control de la compa\u00f1\u00eda.<\/p>\n\n\n\n<p>La decisi\u00f3n de la C\u00e1mara de Apelaciones tiene como objetivo principal \u201cla preservaci\u00f3n de los puestos de trabajo y la continuidad de las operaciones en las plantas industriales de Vicentin\u201d. Desde la cesaci\u00f3n de pagos en diciembre de 2019, la empresa mantuvo su operatividad y cumpli\u00f3 con el pago puntual de salarios, brindando servicios a otras compa\u00f1\u00edas del sector.<\/p>\n\n\n\n<p>En las \u00faltimas horas, se conoci\u00f3 la iniciativa de Vicentin de organizar una reuni\u00f3n con las nuevas autoridades del<strong>&nbsp;Banco Naci\u00f3n<\/strong>, principal acreedor de la empresa. Durante el gobierno anterior, se registraron tensiones y desacuerdos en relaci\u00f3n con la propuesta de pago de la concursada. Con la nueva administraci\u00f3n encabezada por&nbsp;<strong>Javier Milei, se espera una reuni\u00f3n de acercamiento<\/strong>&nbsp;la pr\u00f3xima semana, marcando un cambio de perspectiva en las negociaciones.<\/p>\n\n\n\n<p>Las posibilidades de acuerdo en el\u00a0<strong>proceso de recuperaci\u00f3n de\u00a0<\/strong>\u00a0se centran en la\u00a0<strong>reactivaci\u00f3n de unidades que no son prioritarias<\/strong>\u00a0para los inversores estrat\u00e9gicos. Entre ellas se destaca la planta de etanol en el norte santafesino, cuyo pleno funcionamiento podr\u00eda convertirse en un instrumento clave para saldar la deuda con el Banco Naci\u00f3n.<\/p>\n\n\n\n<figure class=\"wp-block-image\"><img decoding=\"async\" src=\"https:\/\/tn.com.ar\/resizer\/vWxCPL_Y-9DWYmsmuTxs40lQ67o=\/767x0\/smart\/filters:format(webp)\/cloudfront-us-east-1.images.arcpublishing.com\/artear\/IJJJLF6RINH5ZIRAOJH3MVSGH4.jpg\" alt=\"La C\u00e1mara de Apelaciones tiene como objetivo central garantizar &quot;la preservaci\u00f3n de los empleos y la continuidad de las operaciones en las instalaciones industriales de Vicentin&quot;.(Foto: reconquistasf.com.ar).\"\/><\/figure>\n\n\n\n<h2 class=\"wp-block-heading\"><strong>Los querellantes podr\u00edan apelar ante la Corte Suprema de Santa Fe en busca de una revisi\u00f3n de la sentencia<\/strong><\/h2>\n\n\n\n<p>A pesar del fallo favorable en la C\u00e1mara de Apelaciones, a\u00fan existe la posibilidad de que los&nbsp;<strong>querellantes apelen ante la Corte Suprema de Santa Fe<\/strong>. Tienen un plazo de 5 d\u00edas h\u00e1biles para presentar sus argumentos. Una vez que la sentencia se torne firme, los pagos a los acreedores se llevar\u00edan a cabo en el transcurso del mes siguiente.<\/p>\n\n\n\n<p>Asimismo, el fallo de los jueces<strong>\u00a0Santiago Andr\u00e9s Dalla Fontana, Mauricio S\u00e1nchez y Alejandro Alberto Rom\u00e1n\u00a0<\/strong>desestim\u00f3 los recursos interpuestos por el Banco Naci\u00f3n y aval\u00f3 el acuerdo homologado. Adem\u00e1s, se destac\u00f3 la necesidad de que el\u00a0juez Fabi\u00e1n Lorenzini, a cargo del concurso preventivo, solicite el levantamiento de las medidas cautelares que puedan afectar la implementaci\u00f3n del acuerdo.<\/p>\n\n\n\n<p>Adem\u00e1s,&nbsp;<strong>la C\u00e1mara de Apelaciones subray\u00f3 la extensa trayectoria de Vicentin<\/strong>, con casi 95 a\u00f1os de historia, en la que la empresa contribuy\u00f3 \u201cal progreso econ\u00f3mico y social de la regi\u00f3n y del pa\u00eds\u201d. Los jueces destacaron que, \u201ca pesar de las p\u00e9rdidas generadas por la cesaci\u00f3n de pagos, la reactivaci\u00f3n de la empresa podr\u00eda seguir generando riqueza\u201d.<\/p>\n\n\n\n<p>En este contexto, el plan de pago propuesto est\u00e1 vinculado a contribuciones tanto de Vicentin como de los&nbsp;<strong>Inversores Estrat\u00e9gicos, quienes adquirir\u00edan el 95% de la empresa por US$ 462 millones<\/strong>. Esta suma se desembolsar\u00eda de manera secuencial, marcando un desaf\u00edo clave para la reestructuraci\u00f3n financiera de la empresa y su camino hacia la recuperaci\u00f3n.<\/p>\n\n\n\n<figure class=\"wp-block-image\"><img decoding=\"async\" src=\"https:\/\/tn.com.ar\/resizer\/J5XELgw09UkvXbrlEubbZRCylpw=\/767x0\/smart\/filters:format(webp)\/cloudfront-us-east-1.images.arcpublishing.com\/artear\/I7B3E2EVEREAXM2HUI4L3EJY7U.webp\" alt=\"El juez Fabi\u00e1n Lorenzini, a cargo del concurso preventivo. (Foto: Reconquistahoy.com).\"\/><\/figure>\n\n\n\n<h2 class=\"wp-block-heading\"><strong>Vicentin \u201capuesta a la sostenibilidad con pagos adicionales y un compromiso a largo plazo\u201d<\/strong><\/h2>\n\n\n\n<p>El<strong>&nbsp;plan de pagos propuesto por Vicentin<\/strong>&nbsp;se estructura en tres etapas clave. En primer lugar, se realizar\u00eda un pago inicial de<strong>&nbsp;US$170 millones<\/strong>, distribuyendo 35,9 millones entre todos los acreedores verificados o admitidos a raz\u00f3n de US$30.000 para cada uno. Los restantes<strong>&nbsp;US$134 millones se asignar\u00edan prorrateadamente entre todos los acreedores.<\/strong>&nbsp;Esta inyecci\u00f3n de capital \u201cmarcar\u00eda el comienzo del proceso de recuperaci\u00f3n financiera de la empresa\u201d.<\/p>\n\n\n\n<p>A su vez, tras el pago inicial a los 365 d\u00edas se contempla un\u00a0<strong>desembolso adicional de US$127 millones<\/strong>, nuevamente distribuido de manera prorrateada entre los acreedores. Finalmente, un tercer pago estimado de\u00a0<strong>US$165 millones<\/strong>\u00a0estar\u00eda sujeto a condiciones y se realizar\u00eda a los 12 a\u00f1os del pago inicial, a cargo de los inversores estrat\u00e9gicos.<\/p>\n\n\n\n<p>Al respecto, la importancia de mantener la empresa en funcionamiento fue destacada tanto para los trabajadores directos como para proveedores y la sociedad en general. La resoluci\u00f3n \u201crefleja la valoraci\u00f3n de la Corte santafesina\u201d, que reconoci\u00f3 \u201cla significativa contribuci\u00f3n de Vicentin en su decisi\u00f3n del 29 de noviembre de 2022, al rechazar el pedido de avocaci\u00f3n presentado por Commodities SA\u201d.<\/p>\n\n\n\n<figure class=\"wp-block-image\"><img decoding=\"async\" src=\"https:\/\/tn.com.ar\/resizer\/k1thnmC3qYIQaJZE9GOUot8U-is=\/767x0\/smart\/filters:format(webp)\/cloudfront-us-east-1.images.arcpublishing.com\/artear\/TKSRFVI3KJECBIQYBHOIRF6WVQ.jpg\" alt=\"Durante estos a\u00f1os en default, Vicentin se mantuvo operativa y con los empleados de 2019. (Foto: Reuters). \"\/><\/figure>\n\n\n\n<p>Finalmente, con la aprobaci\u00f3n del plan de pagos, muchos acreedores ahora esperan recibir los desembolsos prometidos. Estos fondos, en gran medida, se prev\u00e9 que se utilicen como capital de trabajo, dinamizando el mercado granario en la regi\u00f3n de influencia de Vicentin.<\/p>\n","protected":false},"excerpt":{"rendered":"<p>La C\u00e1mara de Apelaciones Civil, Comercial y Laboral de Santa Fe abri\u00f3 la puerta para la implementaci\u00f3n del plan de pagos y la transferencia de titularidad. La\u00a0C\u00e1mara de Apelaciones de&hellip; <\/p>\n","protected":false},"author":8,"featured_media":131870,"comment_status":"closed","ping_status":"open","sticky":false,"template":"","format":"standard","meta":{"footnotes":""},"categories":[17],"tags":[],"class_list":["post-131869","post","type-post","status-publish","format-standard","has-post-thumbnail","hentry","category-sociales"],"_links":{"self":[{"href":"https:\/\/corrientesdetarde.com\/index.php\/wp-json\/wp\/v2\/posts\/131869","targetHints":{"allow":["GET"]}}],"collection":[{"href":"https:\/\/corrientesdetarde.com\/index.php\/wp-json\/wp\/v2\/posts"}],"about":[{"href":"https:\/\/corrientesdetarde.com\/index.php\/wp-json\/wp\/v2\/types\/post"}],"author":[{"embeddable":true,"href":"https:\/\/corrientesdetarde.com\/index.php\/wp-json\/wp\/v2\/users\/8"}],"replies":[{"embeddable":true,"href":"https:\/\/corrientesdetarde.com\/index.php\/wp-json\/wp\/v2\/comments?post=131869"}],"version-history":[{"count":1,"href":"https:\/\/corrientesdetarde.com\/index.php\/wp-json\/wp\/v2\/posts\/131869\/revisions"}],"predecessor-version":[{"id":131871,"href":"https:\/\/corrientesdetarde.com\/index.php\/wp-json\/wp\/v2\/posts\/131869\/revisions\/131871"}],"wp:featuredmedia":[{"embeddable":true,"href":"https:\/\/corrientesdetarde.com\/index.php\/wp-json\/wp\/v2\/media\/131870"}],"wp:attachment":[{"href":"https:\/\/corrientesdetarde.com\/index.php\/wp-json\/wp\/v2\/media?parent=131869"}],"wp:term":[{"taxonomy":"category","embeddable":true,"href":"https:\/\/corrientesdetarde.com\/index.php\/wp-json\/wp\/v2\/categories?post=131869"},{"taxonomy":"post_tag","embeddable":true,"href":"https:\/\/corrientesdetarde.com\/index.php\/wp-json\/wp\/v2\/tags?post=131869"}],"curies":[{"name":"wp","href":"https:\/\/api.w.org\/{rel}","templated":true}]}}