{"id":131946,"date":"2024-03-11T22:24:55","date_gmt":"2024-03-12T01:24:55","guid":{"rendered":"https:\/\/corrientesdetarde.com\/?p=131946"},"modified":"2024-03-11T22:26:52","modified_gmt":"2024-03-12T01:26:52","slug":"la-nueva-vida-de-alex-caniggia-en-la-pampa-hara-un-curso-de-comando-especial","status":"publish","type":"post","link":"https:\/\/corrientesdetarde.com\/index.php\/espectaculos\/la-nueva-vida-de-alex-caniggia-en-la-pampa-hara-un-curso-de-comando-especial\/","title":{"rendered":"La nueva vida de Alex Caniggia en La Pampa: har\u00e1 un curso de \u201ccomando especial\u201d"},"content":{"rendered":"\n<p>El medi\u00e1tico se embarcar\u00e1 en una nueva aventura y un entrenamiento extremo.<\/p>\n\n\n\n<p>Tras haber quedado afuera de la versi\u00f3n VIP de&nbsp;<em>Gran Hermano<\/em>&nbsp;Espa\u00f1a,&nbsp;<strong>Alex Caniggia<\/strong>&nbsp;<strong>decidi\u00f3 irse a vivir a La Pampa para emprender un nuevo desaf\u00edo.<\/strong><\/p>\n\n\n\n<p>El medi\u00e1tico formar\u00e1 parte de\u00a0<strong>\u201cSpecial Missions\u201d\u00a0<\/strong>y para ello har\u00e1 un curso para integrar un\u00a0<strong>comando especial.<\/strong><\/p>\n\n\n\n<figure class=\"wp-block-image size-full\"><img loading=\"lazy\" decoding=\"async\" width=\"703\" height=\"421\" src=\"https:\/\/corrientesdetarde.com\/wp-content\/uploads\/2024\/03\/image-270.png\" alt=\"\" class=\"wp-image-131947\" srcset=\"https:\/\/corrientesdetarde.com\/wp-content\/uploads\/2024\/03\/image-270.png 703w, https:\/\/corrientesdetarde.com\/wp-content\/uploads\/2024\/03\/image-270-300x180.png 300w\" sizes=\"auto, (max-width: 703px) 100vw, 703px\" \/><\/figure>\n\n\n\n<p><strong>&#8220;\u00bfQu\u00e9 pasa, gente? Ac\u00e1 estamos con mis amigos. Voy a hacer un curso especial de fuerzas. No saben lo que se viene gente. Es una locura, gente&#8221;<\/strong>, manifest\u00f3 el medi\u00e1tico, ya instalado en la provincia de La Pampa, donde tomar\u00e1 el curso.<\/p>\n\n\n\n<figure class=\"wp-block-image size-full\"><img loading=\"lazy\" decoding=\"async\" width=\"704\" height=\"380\" src=\"https:\/\/corrientesdetarde.com\/wp-content\/uploads\/2024\/03\/image-271.png\" alt=\"\" class=\"wp-image-131948\" srcset=\"https:\/\/corrientesdetarde.com\/wp-content\/uploads\/2024\/03\/image-271.png 704w, https:\/\/corrientesdetarde.com\/wp-content\/uploads\/2024\/03\/image-271-300x162.png 300w\" sizes=\"auto, (max-width: 704px) 100vw, 704px\" \/><\/figure>\n\n\n\n<p>Se trata de un entrenamiento de defensa y rescate, a cargo de<strong>\u00a0Javier Catoni, experto en seguridad de elite<\/strong>, en un centro mundial de entrenamiento que posee un hangar con dos aviones y un helic\u00f3ptero del programa SAR de b\u00fasqueda y rescate de personas perdidas en lugares de dif\u00edcil acceso.<\/p>\n\n\n\n<figure class=\"wp-block-image size-full\"><img loading=\"lazy\" decoding=\"async\" width=\"699\" height=\"425\" src=\"https:\/\/corrientesdetarde.com\/wp-content\/uploads\/2024\/03\/image-272.png\" alt=\"\" class=\"wp-image-131949\" srcset=\"https:\/\/corrientesdetarde.com\/wp-content\/uploads\/2024\/03\/image-272.png 699w, https:\/\/corrientesdetarde.com\/wp-content\/uploads\/2024\/03\/image-272-300x182.png 300w\" sizes=\"auto, (max-width: 699px) 100vw, 699px\" \/><\/figure>\n","protected":false},"excerpt":{"rendered":"<p>El medi\u00e1tico se embarcar\u00e1 en una nueva aventura y un entrenamiento extremo. Tras haber quedado afuera de la versi\u00f3n VIP de&nbsp;Gran Hermano&nbsp;Espa\u00f1a,&nbsp;Alex Caniggia&nbsp;decidi\u00f3 irse a vivir a La Pampa para&hellip; <\/p>\n","protected":false},"author":4,"featured_media":131963,"comment_status":"closed","ping_status":"open","sticky":false,"template":"","format":"standard","meta":{"footnotes":""},"categories":[19],"tags":[],"class_list":["post-131946","post","type-post","status-publish","format-standard","has-post-thumbnail","hentry","category-espectaculos"],"_links":{"self":[{"href":"https:\/\/corrientesdetarde.com\/index.php\/wp-json\/wp\/v2\/posts\/131946","targetHints":{"allow":["GET"]}}],"collection":[{"href":"https:\/\/corrientesdetarde.com\/index.php\/wp-json\/wp\/v2\/posts"}],"about":[{"href":"https:\/\/corrientesdetarde.com\/index.php\/wp-json\/wp\/v2\/types\/post"}],"author":[{"embeddable":true,"href":"https:\/\/corrientesdetarde.com\/index.php\/wp-json\/wp\/v2\/users\/4"}],"replies":[{"embeddable":true,"href":"https:\/\/corrientesdetarde.com\/index.php\/wp-json\/wp\/v2\/comments?post=131946"}],"version-history":[{"count":1,"href":"https:\/\/corrientesdetarde.com\/index.php\/wp-json\/wp\/v2\/posts\/131946\/revisions"}],"predecessor-version":[{"id":131960,"href":"https:\/\/corrientesdetarde.com\/index.php\/wp-json\/wp\/v2\/posts\/131946\/revisions\/131960"}],"wp:featuredmedia":[{"embeddable":true,"href":"https:\/\/corrientesdetarde.com\/index.php\/wp-json\/wp\/v2\/media\/131963"}],"wp:attachment":[{"href":"https:\/\/corrientesdetarde.com\/index.php\/wp-json\/wp\/v2\/media?parent=131946"}],"wp:term":[{"taxonomy":"category","embeddable":true,"href":"https:\/\/corrientesdetarde.com\/index.php\/wp-json\/wp\/v2\/categories?post=131946"},{"taxonomy":"post_tag","embeddable":true,"href":"https:\/\/corrientesdetarde.com\/index.php\/wp-json\/wp\/v2\/tags?post=131946"}],"curies":[{"name":"wp","href":"https:\/\/api.w.org\/{rel}","templated":true}]}}