{"id":131968,"date":"2024-03-11T22:36:14","date_gmt":"2024-03-12T01:36:14","guid":{"rendered":"https:\/\/corrientesdetarde.com\/?p=131968"},"modified":"2024-03-11T22:36:25","modified_gmt":"2024-03-12T01:36:25","slug":"se-cumplen-20-anos-de-los-atentados-con-bombas-en-madrid","status":"publish","type":"post","link":"https:\/\/corrientesdetarde.com\/index.php\/internacionales\/se-cumplen-20-anos-de-los-atentados-con-bombas-en-madrid\/","title":{"rendered":"Se cumplen 20 a\u00f1os de los atentados con bombas en Madrid"},"content":{"rendered":"\n<p>Espa\u00f1a realiz\u00f3 distintos homenajes acompa\u00f1ados de flores, m\u00fasica y silencio.<\/p>\n\n\n\n<p><strong>Espa\u00f1a\u00a0conmemor\u00f3 el vig\u00e9simo aniversario de los ataques de militantes islamistas m\u00e1s letales de Europa<\/strong>\u00a0con flores, m\u00fasica y silencio en varias ceremonias para recordar los atentados con bombas en los trenes de Madrid.<\/p>\n\n\n\n<p>Diez bombas escondidas en bolsos deportivos explotaron en cuatro trenes de cercan\u00edas abarrotados en plena hora punta de la ma\u00f1ana en Madrid el 11 de marzo de 2004 y mataron a&nbsp;<strong>192 personas e hirieron a m\u00e1s de 1.700.<\/strong><\/p>\n\n\n\n<p>El lunes, las campanas de la capital espa\u00f1ola repicaron a las 09:00 hora local (0800 GMT) en memoria de las v\u00edctimas, antes de una misa en la Catedral de la Almudena.<\/p>\n\n\n\n<p><strong>La gente dej\u00f3 flores y velas en un nuevo monumento inaugurado en la estaci\u00f3n de Atocha, donde explot\u00f3 uno de los trenes y hacia donde se dirig\u00edan los otros tres<\/strong>, y se celebraron varios actos para guardar un minuto de silencio por toda la ciudad.<\/p>\n\n\n\n<p><strong>Francisco Alameda<\/strong>, de 60 a\u00f1os, iba ese d\u00eda en uno de esos vagones. D\u00edas antes del aniversario, asegur\u00f3 a&nbsp;<em>Reuters<\/em>&nbsp;que se apur\u00f3 para ayudar a otras personas cuando se dio cuenta de que hab\u00eda resultado ileso.<\/p>\n\n\n\n<p><strong>&#8220;El olor a carne quemada me impact\u00f3: no puedo ir a las barbacoas.<\/strong>&nbsp;Hab\u00eda un silencio sepulcral, no habl\u00e1bamos, s\u00f3lo est\u00e1bamos ayudando (a los heridos)&#8221;, sostuvo.<\/p>\n\n\n\n<p>El&nbsp;<strong>rey Felipe<\/strong>, la&nbsp;<strong>reina Letizia<\/strong>, el&nbsp;<strong>presidente del Gobierno Pedro S\u00e1nchez<\/strong>&nbsp;y la Comisaria de Interior de la UE,&nbsp;<strong>Ylva Johansson<\/strong>, asistieron a un acto celebrado en la Galer\u00eda de las Colecciones Reales de Madrid. Las personas dejaron mensajes en un olivo conmemorativo en el museo.<\/p>\n\n\n\n<p>Los asistentes dejaron margaritas blancas y se escuch\u00f3 m\u00fasica en el parque del Retiro, donde se plantaron 192 \u00e1rboles tras los atentados para recordar a las v\u00edctimas.<\/p>\n\n\n\n<p>Los ataques se produjeron tres d\u00edas antes de unas elecciones generales en las que los espa\u00f1oles derrotaron al conservador Partido Popular, que respald\u00f3 la guerra encabezada por Estados Unidos en Irak.<\/p>\n\n\n\n<p>Al principio, los pol\u00edticos culparon err\u00f3neamente al grupo separatista vasco ETA. Sin embargo, militantes islamistas dijeron en un mensaje de video que los atentados eran una venganza por el env\u00edo de tropas por parte de Espa\u00f1a a Irak y Afganist\u00e1n. Los ataques polarizaron a la sociedad espa\u00f1ola.<\/p>\n\n\n\n<p><strong>&#8220;El 11M est\u00e1 tan manoseado, tan utilizado, que se convirti\u00f3 en un arma arrojadiza entre unos y otros, pero las v\u00edctimas est\u00e1n totalmente fuera de eso. No se preocupa nadie por las v\u00edctimas&#8221;<\/strong>, declar\u00f3 a&nbsp;<em>Reuters<\/em>&nbsp;\u00c1ngel de Marcos, de 65 a\u00f1os, que se encontraba ese d\u00eda en la estaci\u00f3n.<\/p>\n\n\n\n<p>Tres semanas despu\u00e9s del ataque, siete hombres, entre ellos dos presuntos cabecillas, se inmolaron con explosivos en un apartamento en las afueras de Madrid cuando la polic\u00eda los cercaba. El estallido mat\u00f3 a un polic\u00eda.<\/p>\n","protected":false},"excerpt":{"rendered":"<p>Espa\u00f1a realiz\u00f3 distintos homenajes acompa\u00f1ados de flores, m\u00fasica y silencio. Espa\u00f1a\u00a0conmemor\u00f3 el vig\u00e9simo aniversario de los ataques de militantes islamistas m\u00e1s letales de Europa\u00a0con flores, m\u00fasica y silencio en varias&hellip; <\/p>\n","protected":false},"author":4,"featured_media":131969,"comment_status":"closed","ping_status":"open","sticky":false,"template":"","format":"standard","meta":{"footnotes":""},"categories":[11],"tags":[],"class_list":["post-131968","post","type-post","status-publish","format-standard","has-post-thumbnail","hentry","category-internacionales"],"_links":{"self":[{"href":"https:\/\/corrientesdetarde.com\/index.php\/wp-json\/wp\/v2\/posts\/131968","targetHints":{"allow":["GET"]}}],"collection":[{"href":"https:\/\/corrientesdetarde.com\/index.php\/wp-json\/wp\/v2\/posts"}],"about":[{"href":"https:\/\/corrientesdetarde.com\/index.php\/wp-json\/wp\/v2\/types\/post"}],"author":[{"embeddable":true,"href":"https:\/\/corrientesdetarde.com\/index.php\/wp-json\/wp\/v2\/users\/4"}],"replies":[{"embeddable":true,"href":"https:\/\/corrientesdetarde.com\/index.php\/wp-json\/wp\/v2\/comments?post=131968"}],"version-history":[{"count":1,"href":"https:\/\/corrientesdetarde.com\/index.php\/wp-json\/wp\/v2\/posts\/131968\/revisions"}],"predecessor-version":[{"id":131970,"href":"https:\/\/corrientesdetarde.com\/index.php\/wp-json\/wp\/v2\/posts\/131968\/revisions\/131970"}],"wp:featuredmedia":[{"embeddable":true,"href":"https:\/\/corrientesdetarde.com\/index.php\/wp-json\/wp\/v2\/media\/131969"}],"wp:attachment":[{"href":"https:\/\/corrientesdetarde.com\/index.php\/wp-json\/wp\/v2\/media?parent=131968"}],"wp:term":[{"taxonomy":"category","embeddable":true,"href":"https:\/\/corrientesdetarde.com\/index.php\/wp-json\/wp\/v2\/categories?post=131968"},{"taxonomy":"post_tag","embeddable":true,"href":"https:\/\/corrientesdetarde.com\/index.php\/wp-json\/wp\/v2\/tags?post=131968"}],"curies":[{"name":"wp","href":"https:\/\/api.w.org\/{rel}","templated":true}]}}