{"id":131994,"date":"2024-03-12T00:39:24","date_gmt":"2024-03-12T03:39:24","guid":{"rendered":"https:\/\/corrientesdetarde.com\/?p=131994"},"modified":"2024-03-12T00:39:28","modified_gmt":"2024-03-12T03:39:28","slug":"presentaran-el-4o-viaje-de-ex-combatientes-a-malvinas-en-casa-de-gobierno","status":"publish","type":"post","link":"https:\/\/corrientesdetarde.com\/index.php\/actualidad\/presentaran-el-4o-viaje-de-ex-combatientes-a-malvinas-en-casa-de-gobierno\/","title":{"rendered":"Presentar\u00e1n el 4\u00ba viaje de Ex Combatientes a Malvinas en Casa de Gobierno"},"content":{"rendered":"\n<p>Este martes 12 a las 10 de la ma\u00f1ana, en el Sal\u00f3n Verde de Casa de Gobierno, se realizar\u00e1 el lanzamiento del 4to viaje de EX Combatientes a Malvinas, y adem\u00e1s ser\u00e1 anunciando el pr\u00f3ximo acto central y oficial por el 2 de Abril en la localidad de Goya- Corrientes, en conmemoraci\u00f3n a los \u201c42 Aniversarios de la Guerra de Malvinas\u201d.<\/p>\n\n\n\n<p>Asimismo, se entregar\u00e1n placas en reconocimiento a cada uno de nuestros excombatientes que la patria con el lema \u201caqu\u00ed vive un H\u00e9roe\u201d.<\/p>\n","protected":false},"excerpt":{"rendered":"<p>Este martes 12 a las 10 de la ma\u00f1ana, en el Sal\u00f3n Verde de Casa de Gobierno, se realizar\u00e1 el lanzamiento del 4to viaje de EX Combatientes a Malvinas, y&hellip; <\/p>\n","protected":false},"author":4,"featured_media":131995,"comment_status":"closed","ping_status":"open","sticky":false,"template":"","format":"standard","meta":{"footnotes":""},"categories":[23],"tags":[],"class_list":["post-131994","post","type-post","status-publish","format-standard","has-post-thumbnail","hentry","category-actualidad"],"_links":{"self":[{"href":"https:\/\/corrientesdetarde.com\/index.php\/wp-json\/wp\/v2\/posts\/131994","targetHints":{"allow":["GET"]}}],"collection":[{"href":"https:\/\/corrientesdetarde.com\/index.php\/wp-json\/wp\/v2\/posts"}],"about":[{"href":"https:\/\/corrientesdetarde.com\/index.php\/wp-json\/wp\/v2\/types\/post"}],"author":[{"embeddable":true,"href":"https:\/\/corrientesdetarde.com\/index.php\/wp-json\/wp\/v2\/users\/4"}],"replies":[{"embeddable":true,"href":"https:\/\/corrientesdetarde.com\/index.php\/wp-json\/wp\/v2\/comments?post=131994"}],"version-history":[{"count":1,"href":"https:\/\/corrientesdetarde.com\/index.php\/wp-json\/wp\/v2\/posts\/131994\/revisions"}],"predecessor-version":[{"id":131996,"href":"https:\/\/corrientesdetarde.com\/index.php\/wp-json\/wp\/v2\/posts\/131994\/revisions\/131996"}],"wp:featuredmedia":[{"embeddable":true,"href":"https:\/\/corrientesdetarde.com\/index.php\/wp-json\/wp\/v2\/media\/131995"}],"wp:attachment":[{"href":"https:\/\/corrientesdetarde.com\/index.php\/wp-json\/wp\/v2\/media?parent=131994"}],"wp:term":[{"taxonomy":"category","embeddable":true,"href":"https:\/\/corrientesdetarde.com\/index.php\/wp-json\/wp\/v2\/categories?post=131994"},{"taxonomy":"post_tag","embeddable":true,"href":"https:\/\/corrientesdetarde.com\/index.php\/wp-json\/wp\/v2\/tags?post=131994"}],"curies":[{"name":"wp","href":"https:\/\/api.w.org\/{rel}","templated":true}]}}