{"id":132003,"date":"2024-03-12T08:49:55","date_gmt":"2024-03-12T11:49:55","guid":{"rendered":"https:\/\/corrientesdetarde.com\/?p=132003"},"modified":"2024-03-12T08:59:00","modified_gmt":"2024-03-12T11:59:00","slug":"robaron-la-casa-de-joven-al-que-acusan-de-matar-a-un-nene","status":"publish","type":"post","link":"https:\/\/corrientesdetarde.com\/index.php\/sociales\/robaron-la-casa-de-joven-al-que-acusan-de-matar-a-un-nene\/","title":{"rendered":"Robaron la casa de joven al que acusan de matar a un nene"},"content":{"rendered":"\n<p>Decenas de personas atacaron la vivienda de un joven absuelto en el juicio por la muerte de un chico de un a\u00f1o y ocho meses. En el lugar destrozaron todo a su paso, a la vez que robaron numerosos bienes, adem\u00e1s de golpear a toda una familia.<\/p>\n\n\n<div class=\"wp-block-image\">\n<figure class=\"aligncenter\"><img decoding=\"async\" src=\"https:\/\/www.diarioepoca.com\/content\/bucket\/6\/1352346w380h269c.jpg.webp\" alt=\"\"\/><\/figure>\n<\/div>\n\n\n<p>Los incidentes, que por poco no terminaron en tragedia, comenzaron el s\u00e1bado a la noche y continuaron el domingo a la madrugada en el barrio Ciudades Correntinas de la capital provincial.<\/p>\n\n\n\n<p>Una horda de alrededor de cincuenta hombres, mujeres y hasta menores lleg\u00f3 hasta el domicilio de calle T\u00fapac Amaru al 5000, en zona del asentamiento Costa Esperanza.<\/p>\n\n\n<div class=\"wp-block-image\">\n<figure class=\"aligncenter\"><img decoding=\"async\" src=\"https:\/\/www.diarioepoca.com\/content\/bucket\/3\/1352343w380h241c.jpg.webp\" alt=\"\"\/><\/figure>\n<\/div>\n\n\n<p>Dos d\u00edas antes, Miguel A., de 22 a\u00f1os, liberado luego de casi tres a\u00f1os, comenz\u00f3 a recibir amenazas. &#8220;Te vamos a matar; vas a ver (sic) lo que te va a pasar&#8221;, fueron algunas de las frases que hicieron llegar a la casa de su madre.<\/p>\n\n\n\n<p>Poco a poco, los atacantes, que seg\u00fan ellos &#8220;hicieron justicia por mano propia&#8221;, empezaron a hostigarlo en forma presencial. Piedras, botellas y otros elementos arrojaron sobre el inmueble donde vive el acusado, pero inocente seg\u00fan la Justicia. Estaba acompa\u00f1ado de su madre embarazada, su padrastro y sobrinos menores de edad.<\/p>\n\n\n\n<p>La Polic\u00eda concurri\u00f3 en un primer momento a interceder e &#8220;invitar&#8221; al joven a ser llevado moment\u00e1neamente a otro sitio para evitar la agresi\u00f3n. Sin embargo, este se habr\u00eda negado y rechaz\u00f3 la presencia de efectivos.<\/p>\n\n\n<div class=\"wp-block-image\">\n<figure class=\"aligncenter\"><img decoding=\"async\" src=\"https:\/\/www.diarioepoca.com\/content\/bucket\/4\/1352344w380h242c.jpg.webp\" alt=\"\"\/><\/figure>\n<\/div>\n\n\n<p>Una vez que las autoridades se retiraron comenz\u00f3 una agresi\u00f3n en la que toda la familia de Miguel A. result\u00f3 afectada. A cada uno de ellos golpearon, incluidas sus mascotas.<\/p>\n\n\n\n<p>Despu\u00e9s cometieron el robo de ropas, electrodom\u00e9sticos, muebles y dem\u00e1s bienes. Por m\u00e1s de una hora todo fue caos.<\/p>\n\n\n\n<p>&#8220;Los polic\u00edas no hicieron nada, ellos solo miraban c\u00f3mo nos robaban&#8221;, denunciaron los damnificados.<\/p>\n\n\n<div class=\"wp-block-image\">\n<figure class=\"aligncenter\"><img decoding=\"async\" src=\"https:\/\/www.diarioepoca.com\/content\/bucket\/3\/1352323w380h242c.jpg.webp\" alt=\"\"\/><figcaption class=\"wp-element-caption\">ROBARON TODO A SU ALCANCE, HASTA LAS VENTANAS.<\/figcaption><\/figure>\n<\/div>\n\n\n<p>Como consecuencia, el joven al que mencionan como &#8220;asesino&#8221; debi\u00f3 ser hospitalizado con diversas lesiones. Su madre result\u00f3 agredida de una patada, siendo que est\u00e1 embarazada.<\/p>\n\n\n\n<p>Los hechos de violencia ser\u00edan instigados por un tal &#8220;Drogui&#8221;, de acuerdo a sospechas de parte de las v\u00edctimas.<\/p>\n\n\n\n<h2 class=\"wp-block-heading\">&#8220;Premeditado&#8221;<\/h2>\n\n\n\n<p>En un escrito difundido en redes sociales, una hermana del joven, blanco del linchamiento, dio a conocer detalles de todo lo sucedido en su casa.<\/p>\n\n\n\n<p>&#8220;Entraron en vandalismo premeditado a romper y robar todas las cosas. Dejaron sin un techo, sin ropas, sin comida a cuatro criaturas indefensas. Hay dos beb\u00e9s de un a\u00f1o y de dos que dejaron sin leche, sin pa\u00f1ales y sin ropas.<\/p>\n\n\n\n<p>Una nena que reci\u00e9n entra en adolescencia de doce a\u00f1os y una de siete. Ahora no tenemos lugar adonde quedarnos; nos robaron la casa, colchones, camas, ventiladores, lavarropas, tele, aires&#8230; todo lo que se pudo encontrar en nuestra casa.<\/p>\n\n\n\n<p>Dejaron con lesiones a mi hermano, que est\u00e1 internado grave, y a mi mam\u00e1 embarazada de ocho meses. Le pegaron con hierros en la cabeza, le cortaron los dedos y hasta le patearon la panza.<\/p>\n\n\n\n<p>A mi padrastro golpearon muy grave (sic). Tambi\u00e9n sin hablar a los ni\u00f1os que dejaron con un trauma y da\u00f1o psicol\u00f3gico; les robaron la vida y su infancia. Hasta a los perros golpearon y rompieron sus patitas&#8221;, manifest\u00f3.<\/p>\n\n\n<div class=\"wp-block-image\">\n<figure class=\"aligncenter\"><img decoding=\"async\" src=\"https:\/\/www.diarioepoca.com\/content\/bucket\/7\/1352347w380h267c.jpg.webp\" alt=\"\"\/><\/figure>\n<\/div>\n\n\n<h2 class=\"wp-block-heading\">Aquel hecho<\/h2>\n\n\n\n<p>En mayo de 2021, un nene llamado Joel, de un a\u00f1o y ocho meses, muri\u00f3 a causa de golpes sufridos en la casa donde viv\u00eda junto a su mam\u00e1 Camila S\u00e1nchez y su pareja Miguel A.<\/p>\n\n\n\n<p>Por el caso investigado como homicidio, los dos estuvieron detenidos. Y en el juicio que finaliz\u00f3 la semana pasada encontraron responsable de la muerte solo a la mujer, castigada con una condena a tres a\u00f1os de prisi\u00f3n. Mientras, Miguel A. fue absuelto por insuficiencia probatoria.<\/p>\n\n\n\n<p>La mujer dijo que el chico &#8220;se le cay\u00f3&#8221; y que ella &#8220;no lo golpe\u00f3&#8221;. Sin embargo, en el barrio siempre fueron acusados de asesinos.<\/p>\n\n\n\n<p>Por eso, cuando el joven regres\u00f3 a vivir a la zona, los vecinos y gente que ser\u00eda del entorno del padre biol\u00f3gico del chico muerto decidieron cometer el ataque.<\/p>\n\n\n\n<p>Desde la Polic\u00eda dijeron que intervino la fiscal\u00eda y no hay detenidos.<\/p>\n","protected":false},"excerpt":{"rendered":"<p>Decenas de personas atacaron la vivienda de un joven absuelto en el juicio por la muerte de un chico de un a\u00f1o y ocho meses. En el lugar destrozaron todo&hellip; <\/p>\n","protected":false},"author":12,"featured_media":132013,"comment_status":"closed","ping_status":"open","sticky":false,"template":"","format":"standard","meta":{"footnotes":""},"categories":[17],"tags":[],"class_list":["post-132003","post","type-post","status-publish","format-standard","has-post-thumbnail","hentry","category-sociales"],"_links":{"self":[{"href":"https:\/\/corrientesdetarde.com\/index.php\/wp-json\/wp\/v2\/posts\/132003","targetHints":{"allow":["GET"]}}],"collection":[{"href":"https:\/\/corrientesdetarde.com\/index.php\/wp-json\/wp\/v2\/posts"}],"about":[{"href":"https:\/\/corrientesdetarde.com\/index.php\/wp-json\/wp\/v2\/types\/post"}],"author":[{"embeddable":true,"href":"https:\/\/corrientesdetarde.com\/index.php\/wp-json\/wp\/v2\/users\/12"}],"replies":[{"embeddable":true,"href":"https:\/\/corrientesdetarde.com\/index.php\/wp-json\/wp\/v2\/comments?post=132003"}],"version-history":[{"count":1,"href":"https:\/\/corrientesdetarde.com\/index.php\/wp-json\/wp\/v2\/posts\/132003\/revisions"}],"predecessor-version":[{"id":132014,"href":"https:\/\/corrientesdetarde.com\/index.php\/wp-json\/wp\/v2\/posts\/132003\/revisions\/132014"}],"wp:featuredmedia":[{"embeddable":true,"href":"https:\/\/corrientesdetarde.com\/index.php\/wp-json\/wp\/v2\/media\/132013"}],"wp:attachment":[{"href":"https:\/\/corrientesdetarde.com\/index.php\/wp-json\/wp\/v2\/media?parent=132003"}],"wp:term":[{"taxonomy":"category","embeddable":true,"href":"https:\/\/corrientesdetarde.com\/index.php\/wp-json\/wp\/v2\/categories?post=132003"},{"taxonomy":"post_tag","embeddable":true,"href":"https:\/\/corrientesdetarde.com\/index.php\/wp-json\/wp\/v2\/tags?post=132003"}],"curies":[{"name":"wp","href":"https:\/\/api.w.org\/{rel}","templated":true}]}}