{"id":132004,"date":"2024-03-12T08:23:26","date_gmt":"2024-03-12T11:23:26","guid":{"rendered":"https:\/\/corrientesdetarde.com\/?p=132004"},"modified":"2024-03-12T08:23:37","modified_gmt":"2024-03-12T11:23:37","slug":"cuales-son-los-desafios-que-enfrenta-el-productor-apicola-para-exportar","status":"publish","type":"post","link":"https:\/\/corrientesdetarde.com\/index.php\/informacion-general\/cuales-son-los-desafios-que-enfrenta-el-productor-apicola-para-exportar\/","title":{"rendered":"Cu\u00e1les son los desaf\u00edos que enfrenta el productor ap\u00edcola para exportar"},"content":{"rendered":"\n<p>Jorge Orstosky, productor ap\u00edcola correntino, asegur\u00f3 que &#8220;desde 2011 hay un descenso en la producci\u00f3n ap\u00edcola en la provincia&#8221;. Detall\u00f3 cu\u00e1les son los desaf\u00edos que enfrenta el sector para exportar y confirm\u00f3 la financiaci\u00f3n de herramientas a trav\u00e9s de una Federaci\u00f3n de Cooperativas.&nbsp;<\/p>\n\n\n\n<p><strong>&#8220;Las dificultades que tenemos desde el 2011\/2012 estamos teniendo un descenso en la producci\u00f3n ap\u00edcola en Corrientes por factores clim\u00e1ticos. Primero la sequ\u00eda, los incendios y ahora las lluvias. Tambi\u00e9n por los precios internacionales&#8221;, se\u00f1al\u00f3 a Hoja de Ruta.&nbsp;<\/strong><\/p>\n\n\n\n<p>Ortosky es productor apicola hace 18 a\u00f1os y t\u00e9cnico referente por el Centro Regional Corrientes del programa Nacional Apicola Pro Api en la provincia.&nbsp;<\/p>\n\n\n\n<p>&#8220;B\u00e1sicamente la producci\u00f3n ap\u00edcola est\u00e1 ubicada en Monte Caseros y&nbsp;Mocoret\u00e1. Re\u00fane todas las condiciones para seguir exportando y de modo fraccionado&#8221;, explic\u00f3. Colonia Liebig, Saladas y algo de Goya, mencion\u00f3.&nbsp;<\/p>\n\n\n\n<p><strong>Con respecto al mercado, el productor mencion\u00f3 que el consumo interno siempre fue bajo. &#8220;Los precios exportaci\u00f3n no favorecen. Adem\u00e1s ahora se solicitan dos tipos de mieles -colores claros y oscuros-. Pero el norte argentino produce mieles oscuras&#8221;, detall\u00f3. Adem\u00e1s, aclar\u00f3 que en cuanto a calidad nutricional, esta no se altera y que es una elecci\u00f3n de los consumidores que prefieren las mieles de colores claros.&nbsp;<\/strong><\/p>\n\n\n\n<p>Ortosky adem\u00e1s confirm\u00f3 una financiaci\u00f3n nacional gestionada a trav\u00e9s de la Federaci\u00f3n Cooperativa de Corrientes (FedeCop). &#8220;Recibieron 30 millones de pesos para financiar a trav\u00e9s de cr\u00e9ditos blandos. Se hizo un pedido a las cooperativas que los insumos m\u00e1s necesarios que necesiten, podr\u00e1 ser financiado&#8221;, explic\u00f3.&nbsp;<\/p>\n\n\n\n<p>Seg\u00fan detall\u00f3, las 9 cooperativas que hay en la provincia recibir\u00e1n materiales. &#8220;Es material inerte a colmenas, cuadros, cera, equipos de protecci\u00f3n, est\u00e1n listos para entregarse&#8221;, destac\u00f3.&nbsp;<\/p>\n","protected":false},"excerpt":{"rendered":"<p>Jorge Orstosky, productor ap\u00edcola correntino, asegur\u00f3 que &#8220;desde 2011 hay un descenso en la producci\u00f3n ap\u00edcola en la provincia&#8221;. Detall\u00f3 cu\u00e1les son los desaf\u00edos que enfrenta el sector para exportar&hellip; <\/p>\n","protected":false},"author":12,"featured_media":132009,"comment_status":"closed","ping_status":"open","sticky":false,"template":"","format":"standard","meta":{"footnotes":""},"categories":[1],"tags":[],"class_list":["post-132004","post","type-post","status-publish","format-standard","has-post-thumbnail","hentry","category-informacion-general"],"_links":{"self":[{"href":"https:\/\/corrientesdetarde.com\/index.php\/wp-json\/wp\/v2\/posts\/132004","targetHints":{"allow":["GET"]}}],"collection":[{"href":"https:\/\/corrientesdetarde.com\/index.php\/wp-json\/wp\/v2\/posts"}],"about":[{"href":"https:\/\/corrientesdetarde.com\/index.php\/wp-json\/wp\/v2\/types\/post"}],"author":[{"embeddable":true,"href":"https:\/\/corrientesdetarde.com\/index.php\/wp-json\/wp\/v2\/users\/12"}],"replies":[{"embeddable":true,"href":"https:\/\/corrientesdetarde.com\/index.php\/wp-json\/wp\/v2\/comments?post=132004"}],"version-history":[{"count":1,"href":"https:\/\/corrientesdetarde.com\/index.php\/wp-json\/wp\/v2\/posts\/132004\/revisions"}],"predecessor-version":[{"id":132010,"href":"https:\/\/corrientesdetarde.com\/index.php\/wp-json\/wp\/v2\/posts\/132004\/revisions\/132010"}],"wp:featuredmedia":[{"embeddable":true,"href":"https:\/\/corrientesdetarde.com\/index.php\/wp-json\/wp\/v2\/media\/132009"}],"wp:attachment":[{"href":"https:\/\/corrientesdetarde.com\/index.php\/wp-json\/wp\/v2\/media?parent=132004"}],"wp:term":[{"taxonomy":"category","embeddable":true,"href":"https:\/\/corrientesdetarde.com\/index.php\/wp-json\/wp\/v2\/categories?post=132004"},{"taxonomy":"post_tag","embeddable":true,"href":"https:\/\/corrientesdetarde.com\/index.php\/wp-json\/wp\/v2\/tags?post=132004"}],"curies":[{"name":"wp","href":"https:\/\/api.w.org\/{rel}","templated":true}]}}