{"id":132016,"date":"2024-03-12T09:13:05","date_gmt":"2024-03-12T12:13:05","guid":{"rendered":"https:\/\/corrientesdetarde.com\/?p=132016"},"modified":"2024-03-12T09:13:24","modified_gmt":"2024-03-12T12:13:24","slug":"incendio-en-el-resto-bar-miranda-nadie-nos-aviso-nos-faltaba-el-oxigeno-pense-que-moriamos","status":"publish","type":"post","link":"https:\/\/corrientesdetarde.com\/index.php\/sociales\/incendio-en-el-resto-bar-miranda-nadie-nos-aviso-nos-faltaba-el-oxigeno-pense-que-moriamos\/","title":{"rendered":"Incendio en el resto bar Miranda: &#8220;Nadie nos avis\u00f3, nos faltaba el ox\u00edgeno, pens\u00e9 que mor\u00edamos&#8221;"},"content":{"rendered":"\n<p>El incendio en el resto bar &#8220;Miranda&#8221;, situado por calle Catamarca casi San Mart\u00edn, en pleno centro de la ciudad Corrientes, fue un verdadero llamado de atenci\u00f3n para las autoridades, ya que pudo haber sido una verdadera tragedia. Mientras pareciera que el caso va quedando en el olvido hay quienes lo padecieron y deber\u00e1n vivir con esa horrible experiencia.&nbsp;<\/p>\n\n\n\n<p>&#8220;Ese d\u00eda estaba feo el tiempo y empez\u00f3 a llover, justo cuando est\u00e1bamos en el balc\u00f3n. Hac\u00eda unos minutos, justo pedimos para cenar. Entonces, para estar m\u00e1s c\u00f3modas nos bajaron a un entrepiso que en realidad es el segundo piso de la casona. Est\u00e1bamos encerradas ah\u00ed, junto a mis amigas y varias personas m\u00e1s. De golpe dejamos de escuchar la m\u00fasica. No se escuchaba nada. No nos dimos cuenta de que se estaba todo encendiendo porque nunca nos avisaron nada. Nadie vino a gritarnos para desalojar, ni siquiera ten\u00edan alarmas antiincendios; nada de nada&#8221;, me cont\u00f3 Ver\u00f3nica.<\/p>\n\n\n<div class=\"wp-block-image\">\n<figure class=\"aligncenter\"><img decoding=\"async\" src=\"https:\/\/www.diarioepoca.com\/content\/bucket\/9\/1352359w380h271c.jpg.webp\" alt=\"\"\/><\/figure>\n<\/div>\n\n\n<p>Para la jovencita hab\u00eda un mal presentimiento entre los presentes, pero todo se volvi\u00f3 m\u00e1s aterrador cuando se cort\u00f3 la luz. &#8220;Est\u00e1bamos encerradas sin saber qu\u00e9 pasaba. Una de mis amigas fue hacia la ventana y se dio cuenta de que hab\u00eda mucho humo; entonces comenz\u00f3 a gritar que salgamos porque se estaba incendiando el lugar. Cuando reaccionamos, el humo ya hab\u00eda invadido todo. Empezamos a correr por donde pudimos. Intentamos subir, pero no pod\u00edamos por todo el humo que hab\u00eda. No se ve\u00eda nada y comenzamos a sofocarnos por la falta de ox\u00edgeno. Ya no se pod\u00eda respirar&#8221;, describi\u00f3 Ver\u00f3nica.<\/p>\n\n\n\n<p>En esa instancia no hubo muchas alternativas. Era salir como fuera o quedar a morir. &#8220;En medio del humo vimos el techo del estacionamiento y no lo pensamos, saltamos sin pensar porque la verdad es que est\u00e1bamos muriendo. Todos los que est\u00e1bamos en el techo necesit\u00e1bamos ox\u00edgeno. Est\u00e1bamos tosiendo. A algunos les sangraba la nariz por c\u00f3mo nos forzamos para respirar. Muchos de nosotros perdimos todas las cosas en el edificio y nadie nos las devolvi\u00f3. El due\u00f1o estaba por all\u00ed y ni agua nos trajo a las v\u00edctimas. Es mentira que era solo un grupo de amigos. Hab\u00eda mucha gente en el lugar&#8221;, concluy\u00f3 Ver\u00f3nica.<\/p>\n\n\n\n<p>Al menos dos dotaciones de bomberos trabajaron para extinguir las llamas. Al parecer, todo apunta a que se trat\u00f3 de una falla el\u00e9ctrica la que origin\u00f3 el siniestro que todav\u00eda se investiga. Toda la planta baja de lugar qued\u00f3 destruida.<\/p>\n","protected":false},"excerpt":{"rendered":"<p>El incendio en el resto bar &#8220;Miranda&#8221;, situado por calle Catamarca casi San Mart\u00edn, en pleno centro de la ciudad Corrientes, fue un verdadero llamado de atenci\u00f3n para las autoridades,&hellip; <\/p>\n","protected":false},"author":12,"featured_media":132022,"comment_status":"closed","ping_status":"open","sticky":false,"template":"","format":"standard","meta":{"footnotes":""},"categories":[17],"tags":[],"class_list":["post-132016","post","type-post","status-publish","format-standard","has-post-thumbnail","hentry","category-sociales"],"_links":{"self":[{"href":"https:\/\/corrientesdetarde.com\/index.php\/wp-json\/wp\/v2\/posts\/132016","targetHints":{"allow":["GET"]}}],"collection":[{"href":"https:\/\/corrientesdetarde.com\/index.php\/wp-json\/wp\/v2\/posts"}],"about":[{"href":"https:\/\/corrientesdetarde.com\/index.php\/wp-json\/wp\/v2\/types\/post"}],"author":[{"embeddable":true,"href":"https:\/\/corrientesdetarde.com\/index.php\/wp-json\/wp\/v2\/users\/12"}],"replies":[{"embeddable":true,"href":"https:\/\/corrientesdetarde.com\/index.php\/wp-json\/wp\/v2\/comments?post=132016"}],"version-history":[{"count":1,"href":"https:\/\/corrientesdetarde.com\/index.php\/wp-json\/wp\/v2\/posts\/132016\/revisions"}],"predecessor-version":[{"id":132023,"href":"https:\/\/corrientesdetarde.com\/index.php\/wp-json\/wp\/v2\/posts\/132016\/revisions\/132023"}],"wp:featuredmedia":[{"embeddable":true,"href":"https:\/\/corrientesdetarde.com\/index.php\/wp-json\/wp\/v2\/media\/132022"}],"wp:attachment":[{"href":"https:\/\/corrientesdetarde.com\/index.php\/wp-json\/wp\/v2\/media?parent=132016"}],"wp:term":[{"taxonomy":"category","embeddable":true,"href":"https:\/\/corrientesdetarde.com\/index.php\/wp-json\/wp\/v2\/categories?post=132016"},{"taxonomy":"post_tag","embeddable":true,"href":"https:\/\/corrientesdetarde.com\/index.php\/wp-json\/wp\/v2\/tags?post=132016"}],"curies":[{"name":"wp","href":"https:\/\/api.w.org\/{rel}","templated":true}]}}