{"id":132017,"date":"2024-03-12T09:07:45","date_gmt":"2024-03-12T12:07:45","guid":{"rendered":"https:\/\/corrientesdetarde.com\/?p=132017"},"modified":"2024-03-12T09:13:29","modified_gmt":"2024-03-12T12:13:29","slug":"paloma-confeso-en-gran-hermano-que-es-lo-que-la-tiene-mal-me-agarro-una-obsesion-con","status":"publish","type":"post","link":"https:\/\/corrientesdetarde.com\/index.php\/espectaculos\/paloma-confeso-en-gran-hermano-que-es-lo-que-la-tiene-mal-me-agarro-una-obsesion-con\/","title":{"rendered":"Paloma confes\u00f3 en Gran Hermano que es lo que la tiene mal: &#8220;Me agarr\u00f3 una obsesi\u00f3n con&#8230;&#8221;"},"content":{"rendered":"\n<p>Desde su ingreso a\u00a0<strong>Gran Hermano<\/strong>, la participaci\u00f3n de\u00a0<strong>Paloma\u00a0<\/strong>ha suscitado numerosas preguntas en las redes sociales sobre los posibles retoques est\u00e9ticos que la joven se habr\u00eda realizado antes de entrar a la famosa casa.<\/p>\n\n\n\n<p>En una charla reveladora con sus compa\u00f1eros, la nueva integrante decidi\u00f3 compartir abiertamente la obsesi\u00f3n que determin\u00f3 sus est\u00e1ndares de belleza durante mucho tiempo, afectando una parte de su rostro.&nbsp;<strong>Paloma&nbsp;<\/strong>confes\u00f3 que a lo largo de un a\u00f1o se someti\u00f3 a m\u00e1s de tres aplicaciones de \u00e1cido hialur\u00f3nico para agrandar sus labios y resaltar sus rasgos.<\/p>\n\n\n\n<p><strong>Paloma&nbsp;<\/strong>admiti\u00f3 su obsesi\u00f3n con el \u00e1cido hialur\u00f3nico, confesando haberse aplicado el producto una cantidad considerable de veces.&nbsp;<em>&#8220;Me agarr\u00f3 como una obsesi\u00f3n&#8221;<\/em>, expres\u00f3 la participante, indicando que, aunque us\u00f3 productos de alta calidad y se lo aplic\u00f3 en lugares distintos, la frecuencia excesiva le gener\u00f3 inconvenientes.<\/p>\n\n\n\n<p>La joven, visiblemente frustrada, explic\u00f3 que tom\u00f3 medidas para detener esta obsesi\u00f3n: &#8220;<em>Yo igual me pongo lo mejor de lo mejor&#8230; Me pon\u00eda mucho: una jeringa cada tres meses. Pero ahora hace un a\u00f1o que lo dej\u00e9&#8221;.<\/em>\u00a0Aunque los dem\u00e1s hermanitos coincidieron en que a\u00fan se nota el producto en sus labios.<\/p>\n\n\n<div class=\"wp-block-image\">\n<figure class=\"aligncenter size-full\"><img loading=\"lazy\" decoding=\"async\" width=\"610\" height=\"390\" src=\"https:\/\/corrientesdetarde.com\/wp-content\/uploads\/2024\/03\/image-275.png\" alt=\"\" class=\"wp-image-132020\" srcset=\"https:\/\/corrientesdetarde.com\/wp-content\/uploads\/2024\/03\/image-275.png 610w, https:\/\/corrientesdetarde.com\/wp-content\/uploads\/2024\/03\/image-275-300x192.png 300w\" sizes=\"auto, (max-width: 610px) 100vw, 610px\" \/><\/figure>\n<\/div>\n\n\n<h2 class=\"wp-block-heading\">LA CONCURSANTE CONFES\u00d3 SU ADICCI\u00d3N EST\u00c9TICA<\/h2>\n\n\n\n<p>Paloma asegur\u00f3 que meses atr\u00e1s estaban m\u00e1s prominentes y decidi\u00f3 ponerle fin por temor a que &#8220;<em>se le caiga la boca&#8221;<\/em>. En una revelaci\u00f3n adicional,&nbsp;<strong>Paloma&nbsp;<\/strong>comparti\u00f3 su experiencia laboral previa a<strong>&nbsp;Gran Hermano<\/strong>.<\/p>\n\n\n\n<p>A sus 21 a\u00f1os, la joven ya hab\u00eda iniciado su camino en el mundo laboral trabajando como recepcionista en un bar, pero dej\u00f3 el empleo debido a malas condiciones laborales y bajos salarios. La confesi\u00f3n sobre su pasado laboral se suma a la lista de revelaciones de los participantes sobre sus vidas antes de ingresar al reality.<\/p>\n","protected":false},"excerpt":{"rendered":"<p>Desde su ingreso a\u00a0Gran Hermano, la participaci\u00f3n de\u00a0Paloma\u00a0ha suscitado numerosas preguntas en las redes sociales sobre los posibles retoques est\u00e9ticos que la joven se habr\u00eda realizado antes de entrar a&hellip; <\/p>\n","protected":false},"author":12,"featured_media":132019,"comment_status":"closed","ping_status":"open","sticky":false,"template":"","format":"standard","meta":{"footnotes":""},"categories":[19],"tags":[],"class_list":["post-132017","post","type-post","status-publish","format-standard","has-post-thumbnail","hentry","category-espectaculos"],"_links":{"self":[{"href":"https:\/\/corrientesdetarde.com\/index.php\/wp-json\/wp\/v2\/posts\/132017","targetHints":{"allow":["GET"]}}],"collection":[{"href":"https:\/\/corrientesdetarde.com\/index.php\/wp-json\/wp\/v2\/posts"}],"about":[{"href":"https:\/\/corrientesdetarde.com\/index.php\/wp-json\/wp\/v2\/types\/post"}],"author":[{"embeddable":true,"href":"https:\/\/corrientesdetarde.com\/index.php\/wp-json\/wp\/v2\/users\/12"}],"replies":[{"embeddable":true,"href":"https:\/\/corrientesdetarde.com\/index.php\/wp-json\/wp\/v2\/comments?post=132017"}],"version-history":[{"count":1,"href":"https:\/\/corrientesdetarde.com\/index.php\/wp-json\/wp\/v2\/posts\/132017\/revisions"}],"predecessor-version":[{"id":132021,"href":"https:\/\/corrientesdetarde.com\/index.php\/wp-json\/wp\/v2\/posts\/132017\/revisions\/132021"}],"wp:featuredmedia":[{"embeddable":true,"href":"https:\/\/corrientesdetarde.com\/index.php\/wp-json\/wp\/v2\/media\/132019"}],"wp:attachment":[{"href":"https:\/\/corrientesdetarde.com\/index.php\/wp-json\/wp\/v2\/media?parent=132017"}],"wp:term":[{"taxonomy":"category","embeddable":true,"href":"https:\/\/corrientesdetarde.com\/index.php\/wp-json\/wp\/v2\/categories?post=132017"},{"taxonomy":"post_tag","embeddable":true,"href":"https:\/\/corrientesdetarde.com\/index.php\/wp-json\/wp\/v2\/tags?post=132017"}],"curies":[{"name":"wp","href":"https:\/\/api.w.org\/{rel}","templated":true}]}}