{"id":132025,"date":"2024-03-12T09:17:04","date_gmt":"2024-03-12T12:17:04","guid":{"rendered":"https:\/\/corrientesdetarde.com\/?p=132025"},"modified":"2024-03-12T09:26:13","modified_gmt":"2024-03-12T12:26:13","slug":"ardio-un-galpon-con-tabaco-en-paraje-granja-amelia","status":"publish","type":"post","link":"https:\/\/corrientesdetarde.com\/index.php\/interior\/ardio-un-galpon-con-tabaco-en-paraje-granja-amelia\/","title":{"rendered":"Ardi\u00f3 un galp\u00f3n con tabaco en paraje Granja Amelia"},"content":{"rendered":"\n<p>En una tarde de s\u00e1bado, un voraz incendio se desat\u00f3 en una finca ubicada en la segunda secci\u00f3n rural, Paraje Granja Amelia. El fuego arras\u00f3 con un galp\u00f3n que almacenaba tabaco, producido por la familia Alcaraz, y tambi\u00e9n se perdieron valiosas herramientas de trabajo. Afortunadamente, no se reportaron v\u00edctimas humanas, pero los da\u00f1os materiales fueron devastadores.<\/p>\n\n\n\n<p>El cuerpo de Bomberos Voluntarios, junto con la ayuda de numerosos vecinos, lucharon arduamente para controlar las llamas que alcanzaban alturas impresionantes y generaban una densa nube de humo.<\/p>\n\n\n\n<p>La solidaridad de los residentes de la zona rural fue conmovedora, ya que acudieron r\u00e1pidamente para brindar apoyo a la familia Alcaraz en este dif\u00edcil momento.<\/p>\n\n\n\n<p>Hasta el momento, las autoridades no han revelado las causas de este tr\u00e1gico suceso.<\/p>\n","protected":false},"excerpt":{"rendered":"<p>En una tarde de s\u00e1bado, un voraz incendio se desat\u00f3 en una finca ubicada en la segunda secci\u00f3n rural, Paraje Granja Amelia. El fuego arras\u00f3 con un galp\u00f3n que almacenaba&hellip; <\/p>\n","protected":false},"author":12,"featured_media":132028,"comment_status":"closed","ping_status":"open","sticky":false,"template":"","format":"standard","meta":{"footnotes":""},"categories":[1658],"tags":[],"class_list":["post-132025","post","type-post","status-publish","format-standard","has-post-thumbnail","hentry","category-interior"],"_links":{"self":[{"href":"https:\/\/corrientesdetarde.com\/index.php\/wp-json\/wp\/v2\/posts\/132025","targetHints":{"allow":["GET"]}}],"collection":[{"href":"https:\/\/corrientesdetarde.com\/index.php\/wp-json\/wp\/v2\/posts"}],"about":[{"href":"https:\/\/corrientesdetarde.com\/index.php\/wp-json\/wp\/v2\/types\/post"}],"author":[{"embeddable":true,"href":"https:\/\/corrientesdetarde.com\/index.php\/wp-json\/wp\/v2\/users\/12"}],"replies":[{"embeddable":true,"href":"https:\/\/corrientesdetarde.com\/index.php\/wp-json\/wp\/v2\/comments?post=132025"}],"version-history":[{"count":1,"href":"https:\/\/corrientesdetarde.com\/index.php\/wp-json\/wp\/v2\/posts\/132025\/revisions"}],"predecessor-version":[{"id":132029,"href":"https:\/\/corrientesdetarde.com\/index.php\/wp-json\/wp\/v2\/posts\/132025\/revisions\/132029"}],"wp:featuredmedia":[{"embeddable":true,"href":"https:\/\/corrientesdetarde.com\/index.php\/wp-json\/wp\/v2\/media\/132028"}],"wp:attachment":[{"href":"https:\/\/corrientesdetarde.com\/index.php\/wp-json\/wp\/v2\/media?parent=132025"}],"wp:term":[{"taxonomy":"category","embeddable":true,"href":"https:\/\/corrientesdetarde.com\/index.php\/wp-json\/wp\/v2\/categories?post=132025"},{"taxonomy":"post_tag","embeddable":true,"href":"https:\/\/corrientesdetarde.com\/index.php\/wp-json\/wp\/v2\/tags?post=132025"}],"curies":[{"name":"wp","href":"https:\/\/api.w.org\/{rel}","templated":true}]}}