{"id":132045,"date":"2024-03-12T10:58:16","date_gmt":"2024-03-12T13:58:16","guid":{"rendered":"https:\/\/corrientesdetarde.com\/?p=132045"},"modified":"2024-03-12T11:31:35","modified_gmt":"2024-03-12T14:31:35","slug":"dia-del-escudo-nacional-simbolo-de-identidad-independencia-y-libertad","status":"publish","type":"post","link":"https:\/\/corrientesdetarde.com\/index.php\/informacion-general\/dia-del-escudo-nacional-simbolo-de-identidad-independencia-y-libertad\/","title":{"rendered":"D\u00eda del Escudo Nacional: S\u00edmbolo de identidad, independencia y libertad"},"content":{"rendered":"\n<p>Cada 12 de marzo se celebra en nuestro pa\u00eds el D\u00eda del Escudo Nacional, en conmemoraci\u00f3n de su creaci\u00f3n y declaraci\u00f3n como s\u00edmbolo patrio, en 1813. El Escudo Argentino es la fiel reproducci\u00f3n del Sello que us\u00f3 la Soberana Asamblea General Constituyente de las Provincias Unidas del R\u00edo de la Plata, tambi\u00e9n conocida como Asamblea del A\u00f1o XIII.<\/p>\n\n\n\n<p>Antes de la instauraci\u00f3n de la Asamblea del a\u00f1o XIII, el Virreinato utilizaba las armas reales como sello en documentos oficiales. Sin embargo, la necesidad de contar con un distintivo propio llev\u00f3 a la creaci\u00f3n de una nueva insignia, dando origen al actual Escudo Argentino.<\/p>\n\n\n\n<p>No hay fuentes que certifiquen el origen del Escudo. Una versi\u00f3n le atribuye el dibujo a Antonio Isidro de Castro; otra a Bernardo de Monteagudo. El dise\u00f1o tiene notorias semejanzas con un escudo utilizado durante la Revoluci\u00f3n Francesa, lo cual permite suponer que de all\u00ed se tom\u00f3 el modelo.<\/p>\n\n\n\n<p>Manuel Belgrano, uno de nuestros pr\u00f3ceres, utiliz\u00f3 el Escudo como s\u00edmbolo central de las tropas emancipadoras, contribuyendo as\u00ed a su reconocimiento por pueblos y gobiernos provinciales como representaci\u00f3n del incipiente Estado argentino.<\/p>\n\n\n\n<p>En 1944, el Poder Ejecutivo Nacional oficializ\u00f3 la adopci\u00f3n del sello de la Asamblea como representaci\u00f3n del Escudo Argentino, otorg\u00e1ndole uniformidad.<\/p>\n\n\n\n<p><strong>Descripci\u00f3n y simbolog\u00eda del Escudo Nacional<\/strong><\/p>\n\n\n\n<p>Con forma oval cortada, su dise\u00f1o presenta un campo superior de azul y uno inferior de blanco. En el cuartel inferior, dos antebrazos humanos se estrechan, simbolizando la uni\u00f3n de los pueblos de las Provincias Unidas del R\u00edo de la Plata.<\/p>\n\n\n\n<p>El gorro frigio, emblema antiguo de libertad, se destaca, sostenido por una pica que sugiere la disposici\u00f3n a defender esa libertad con las armas si es necesario. El sol naciente, con veinti\u00fan rayos flam\u00edgeros, anuncia al mundo la aparici\u00f3n de una nueva Naci\u00f3n.<\/p>\n\n\n\n<p>Dos ramas de laurel, sin frutos y sin llegar a entrecruzarse en la parte superior, rodean la elipse del escudo. Estas hojas, con cantidades espec\u00edficas en cada lado, son s\u00edmbolos her\u00e1ldicos de victoria y triunfo, reflejando las glorias ya alcanzadas en los campos de batalla.<\/p>\n\n\n\n<p>En la punta del escudo, una cinta en forma de mo\u00f1o con los colores azul y blanco, caracter\u00edsticos de la bandera argentina, rinde homenaje a la nacionalidad del pa\u00eds.<\/p>\n\n\n\n<p>En su conjunto, el Escudo Nacional Argentino es una obra de simbolismo, que nos recuerda la importancia de la unidad, la libertad, la victoria y la identidad nacional en la historia y el esp\u00edritu de la naci\u00f3n.<\/p>\n\n\n\n<figure class=\"wp-block-image\"><img decoding=\"async\" src=\"https:\/\/www.casarosada.gob.ar\/images\/202403\/escudo1.jpg\" alt=\"\"\/><\/figure>\n\n\n\n<p><strong>El Escudo Nacional, testigo de la historia en Casa Rosada<\/strong><\/p>\n\n\n\n<p>Diversos objetos en el Palacio de Gobierno llevan consigo este s\u00edmbolo patrio que destaca su presencia en distintos espacios.<\/p>\n\n\n\n<p>En el Sal\u00f3n Blanco se encuentra la escultura que representa el busto de la patria que se destaca por la presencia majestuosa del Escudo Nacional. Confeccionado en bronce y delicadamente colocado sobre m\u00e1rmoles de variadas tonalidades, este emblema se alza sobre la figura patri\u00f3tica. Coronan este conjunto dos \u00e1ngeles en madera patinada, cuyas manos sostienen trompetas de gloria. Esta ornamentaci\u00f3n fue comprada a la Casa Forest de Par\u00eds.<\/p>\n\n\n\n<figure class=\"wp-block-image\"><img decoding=\"async\" src=\"https:\/\/www.casarosada.gob.ar\/images\/202403\/escudosalon.jpg\" alt=\"\"\/><\/figure>\n\n\n\n<p>En el Museo Casa Rosada, se exhibe un cuadro que revela el antiguo Escudo de la Confederaci\u00f3n Argentina, utilizado desde la \u00e9poca de Rosas hasta 1862. Bordado con hilos met\u00e1licos sobre raso y terciopelo de seda, muestra un sol con cara entera, rodeado por 14 banderas representando las provincias de la \u00e9poca, con dos ca\u00f1ones en la parte posterior. La tradici\u00f3n oral cuenta que fue obra de las Damas patricias Entrerrianas, obsequiado al General Justo Jos\u00e9 de Urquiza.<\/p>\n\n\n\n<figure class=\"wp-block-image\"><img decoding=\"async\" src=\"https:\/\/www.casarosada.gob.ar\/images\/202403\/escudocuadro2.jpg\" alt=\"\"\/><\/figure>\n\n\n\n<p>El mobiliario presidencial tambi\u00e9n rinde homenaje al Escudo Nacional. En el Museo, un escritorio perteneciente al Presidente Nicol\u00e1s Avellaneda presenta el emblema tallado en sus puertas, mostrando el estilo ecl\u00e9ctico de la \u00e9poca. Asimismo, un sill\u00f3n de manufactura francesa, utilizado por todos los presidentes entre 1900 y 2011, ostenta el Escudo Nacional en la parte superior del respaldo, marcando as\u00ed la distinci\u00f3n del asiento del Primer Mandatario.<\/p>\n\n\n\n<figure class=\"wp-block-image\"><img decoding=\"async\" src=\"https:\/\/www.casarosada.gob.ar\/images\/202403\/escudosillon1.jpg\" alt=\"\"\/><\/figure>\n\n\n\n<p>Estos objetos cargados de simbolismos refuerzan la importancia del Escudo Nacional como un emblema de identidad, independencia y libertad.<\/p>\n","protected":false},"excerpt":{"rendered":"<p>Cada 12 de marzo se celebra en nuestro pa\u00eds el D\u00eda del Escudo Nacional, en conmemoraci\u00f3n de su creaci\u00f3n y declaraci\u00f3n como s\u00edmbolo patrio, en 1813. El Escudo Argentino es&hellip; <\/p>\n","protected":false},"author":12,"featured_media":132050,"comment_status":"closed","ping_status":"open","sticky":false,"template":"","format":"standard","meta":{"footnotes":""},"categories":[23,1],"tags":[],"class_list":["post-132045","post","type-post","status-publish","format-standard","has-post-thumbnail","hentry","category-actualidad","category-informacion-general"],"_links":{"self":[{"href":"https:\/\/corrientesdetarde.com\/index.php\/wp-json\/wp\/v2\/posts\/132045","targetHints":{"allow":["GET"]}}],"collection":[{"href":"https:\/\/corrientesdetarde.com\/index.php\/wp-json\/wp\/v2\/posts"}],"about":[{"href":"https:\/\/corrientesdetarde.com\/index.php\/wp-json\/wp\/v2\/types\/post"}],"author":[{"embeddable":true,"href":"https:\/\/corrientesdetarde.com\/index.php\/wp-json\/wp\/v2\/users\/12"}],"replies":[{"embeddable":true,"href":"https:\/\/corrientesdetarde.com\/index.php\/wp-json\/wp\/v2\/comments?post=132045"}],"version-history":[{"count":1,"href":"https:\/\/corrientesdetarde.com\/index.php\/wp-json\/wp\/v2\/posts\/132045\/revisions"}],"predecessor-version":[{"id":132051,"href":"https:\/\/corrientesdetarde.com\/index.php\/wp-json\/wp\/v2\/posts\/132045\/revisions\/132051"}],"wp:featuredmedia":[{"embeddable":true,"href":"https:\/\/corrientesdetarde.com\/index.php\/wp-json\/wp\/v2\/media\/132050"}],"wp:attachment":[{"href":"https:\/\/corrientesdetarde.com\/index.php\/wp-json\/wp\/v2\/media?parent=132045"}],"wp:term":[{"taxonomy":"category","embeddable":true,"href":"https:\/\/corrientesdetarde.com\/index.php\/wp-json\/wp\/v2\/categories?post=132045"},{"taxonomy":"post_tag","embeddable":true,"href":"https:\/\/corrientesdetarde.com\/index.php\/wp-json\/wp\/v2\/tags?post=132045"}],"curies":[{"name":"wp","href":"https:\/\/api.w.org\/{rel}","templated":true}]}}