{"id":132047,"date":"2024-03-12T11:20:47","date_gmt":"2024-03-12T14:20:47","guid":{"rendered":"https:\/\/corrientesdetarde.com\/?p=132047"},"modified":"2024-03-12T11:32:04","modified_gmt":"2024-03-12T14:32:04","slug":"la-vicegobernacion-firmo-un-convenio-con-la-empresa-ensuenos","status":"publish","type":"post","link":"https:\/\/corrientesdetarde.com\/index.php\/sociales\/la-vicegobernacion-firmo-un-convenio-con-la-empresa-ensuenos\/","title":{"rendered":"La Vicegobernaci\u00f3n firm\u00f3 un convenio con la Empresa Ensue\u00f1os"},"content":{"rendered":"\n<p>El Vicegobernador, Pedro Braillard Poccard, firm\u00f3 este martes un convenio con la Empresa Ensue\u00f1os a fin de mejorar e innovar toda actividad relacionada con los emprendimientos que llevan adelante.<\/p>\n\n\n\n<p>La firma tuvo lugar en el Sal\u00f3n de Acuerdos del Palacio Legislativo entre el Vicegobernador y el due\u00f1o de la empresa, Matias Segovia. Quien en la oportunidad detall\u00f3 que se dedican a la fabricaci\u00f3n de sillones, juegos de comedor, de dormitorio, empapelado y cortinas.<\/p>\n\n\n\n<p>Braillard Poccard destac\u00f3 la importancia de generar -de esta manera- puestos de trabajo y ratific\u00f3 su compromiso con el desarrollo local.<\/p>\n\n\n\n<p>Cabe mencionar que, a trav\u00e9s de este convenio, la empresa ubicada en Av. Ferre 2191 acord\u00f3 brindar beneficios para los empleados de la C\u00e1mara de Senadores y su grupo familiar con un 10% de descuento con todas las formas de pago.<\/p>\n\n\n\n<figure class=\"wp-block-image size-large\"><img loading=\"lazy\" decoding=\"async\" width=\"1024\" height=\"683\" src=\"https:\/\/corrientesdetarde.com\/wp-content\/uploads\/2024\/03\/WhatsApp-Image-2024-03-12-at-11.08.31_e8c25f35-1024x683.jpg\" alt=\"\" class=\"wp-image-132053\" srcset=\"https:\/\/corrientesdetarde.com\/wp-content\/uploads\/2024\/03\/WhatsApp-Image-2024-03-12-at-11.08.31_e8c25f35-1024x683.jpg 1024w, https:\/\/corrientesdetarde.com\/wp-content\/uploads\/2024\/03\/WhatsApp-Image-2024-03-12-at-11.08.31_e8c25f35-300x200.jpg 300w, https:\/\/corrientesdetarde.com\/wp-content\/uploads\/2024\/03\/WhatsApp-Image-2024-03-12-at-11.08.31_e8c25f35-768x512.jpg 768w, https:\/\/corrientesdetarde.com\/wp-content\/uploads\/2024\/03\/WhatsApp-Image-2024-03-12-at-11.08.31_e8c25f35-1536x1024.jpg 1536w, https:\/\/corrientesdetarde.com\/wp-content\/uploads\/2024\/03\/WhatsApp-Image-2024-03-12-at-11.08.31_e8c25f35.jpg 1599w\" sizes=\"auto, (max-width: 1024px) 100vw, 1024px\" \/><\/figure>\n","protected":false},"excerpt":{"rendered":"<p>El Vicegobernador, Pedro Braillard Poccard, firm\u00f3 este martes un convenio con la Empresa Ensue\u00f1os a fin de mejorar e innovar toda actividad relacionada con los emprendimientos que llevan adelante. La&hellip; <\/p>\n","protected":false},"author":12,"featured_media":132054,"comment_status":"closed","ping_status":"open","sticky":false,"template":"","format":"standard","meta":{"footnotes":""},"categories":[26,17],"tags":[],"class_list":["post-132047","post","type-post","status-publish","format-standard","has-post-thumbnail","hentry","category-destacados","category-sociales"],"_links":{"self":[{"href":"https:\/\/corrientesdetarde.com\/index.php\/wp-json\/wp\/v2\/posts\/132047","targetHints":{"allow":["GET"]}}],"collection":[{"href":"https:\/\/corrientesdetarde.com\/index.php\/wp-json\/wp\/v2\/posts"}],"about":[{"href":"https:\/\/corrientesdetarde.com\/index.php\/wp-json\/wp\/v2\/types\/post"}],"author":[{"embeddable":true,"href":"https:\/\/corrientesdetarde.com\/index.php\/wp-json\/wp\/v2\/users\/12"}],"replies":[{"embeddable":true,"href":"https:\/\/corrientesdetarde.com\/index.php\/wp-json\/wp\/v2\/comments?post=132047"}],"version-history":[{"count":1,"href":"https:\/\/corrientesdetarde.com\/index.php\/wp-json\/wp\/v2\/posts\/132047\/revisions"}],"predecessor-version":[{"id":132055,"href":"https:\/\/corrientesdetarde.com\/index.php\/wp-json\/wp\/v2\/posts\/132047\/revisions\/132055"}],"wp:featuredmedia":[{"embeddable":true,"href":"https:\/\/corrientesdetarde.com\/index.php\/wp-json\/wp\/v2\/media\/132054"}],"wp:attachment":[{"href":"https:\/\/corrientesdetarde.com\/index.php\/wp-json\/wp\/v2\/media?parent=132047"}],"wp:term":[{"taxonomy":"category","embeddable":true,"href":"https:\/\/corrientesdetarde.com\/index.php\/wp-json\/wp\/v2\/categories?post=132047"},{"taxonomy":"post_tag","embeddable":true,"href":"https:\/\/corrientesdetarde.com\/index.php\/wp-json\/wp\/v2\/tags?post=132047"}],"curies":[{"name":"wp","href":"https:\/\/api.w.org\/{rel}","templated":true}]}}