{"id":132073,"date":"2024-03-12T13:28:26","date_gmt":"2024-03-12T16:28:26","guid":{"rendered":"https:\/\/corrientesdetarde.com\/?p=132073"},"modified":"2024-03-12T13:28:37","modified_gmt":"2024-03-12T16:28:37","slug":"tras-la-decision-que-tomo-el-bcra-sobre-la-tasa-el-dolar-blue-sube-25-y-los-financieros-saltan-mas-de-5","status":"publish","type":"post","link":"https:\/\/corrientesdetarde.com\/index.php\/economia\/tras-la-decision-que-tomo-el-bcra-sobre-la-tasa-el-dolar-blue-sube-25-y-los-financieros-saltan-mas-de-5\/","title":{"rendered":"Tras la decisi\u00f3n que tom\u00f3 el BCRA sobre la tasa, el d\u00f3lar blue sube $25 y los financieros saltan m\u00e1s de 5%"},"content":{"rendered":"\n<p>Tras varias jornadas a la baja, el paralelo aumenta 1,4%, mientras el MEP y el CCL suben fuerte. Se produce luego de que los bancos, que pueden ofrecer rendimientos de plazos fijos sin m\u00ednimo garantizado, recortaran casi 40 puntos la tasa para esos productos, lo que desalienta ese tipo de inversi\u00f3n.<\/p>\n\n\n\n<p>Los<strong>\u00a0d\u00f3lares p<\/strong>aralelos, el\u00a0<strong>blue y<\/strong>\u00a0los\u00a0<strong>financieros<\/strong>\u00a0saltan este martes\u00a0<strong>cerca de 5%\u00a0<\/strong>en la primera reacci\u00f3n del mercado a la decisi\u00f3n del Banco Central (BCRA) de\u00a0bajar la tasa de inter\u00e9s y desregular el rendimiento de los plazos fijos. Esta ma\u00f1ana, los bancos empezaron a informar una nueva tasa en torno al 70% nominal anual, 40 puntos menos que la anterior, por mantener el dinero paralizado a 30 d\u00edas.<\/p>\n\n\n\n<p>As\u00ed,\u00a0<strong>la tasa de inter\u00e9s en pesos pierde atractivo para los ahorristas<\/strong>, ya que pasa de un rendimiento en torno al 9% mensual a uno de 6,6% por mes, lo que acelera la licuaci\u00f3n de moneda local, por lo que renueva el inter\u00e9s por cubrirse de la inflaci\u00f3n yendo al d\u00f3lar.<\/p>\n\n\n\n<p>As\u00ed el&nbsp;<strong>d\u00f3lar MEP, o Bolsa,<\/strong>&nbsp;operaba este mediod\u00eda a<strong>&nbsp;$1026,02,<\/strong>&nbsp;mientras el&nbsp;<strong>CCL&nbsp;<\/strong>o \u201ccontado con liqui\u201d lo hac\u00eda a&nbsp;<strong>$1063,30.<\/strong>&nbsp;Se trata de alzas en torno al 4,7% tras d\u00edas con cotizaciones a la baja que dejaron la brecha entre los distintos tipos de cambio por debajo del 20% y abrieron el debate sobre si no era el momento de<strong>&nbsp;aprovechar para ir a la unificaci\u00f3n cambiaria.<\/strong><\/p>\n\n\n\n<p>El<strong>&nbsp;d\u00f3lar blue&nbsp;<\/strong>tambi\u00e9n reaccion\u00f3 ante las medidas que tom\u00f3 el Banco Central y subi\u00f3&nbsp;<strong>$15&nbsp;<\/strong>durante el mediod\u00eda de este martes. El billete paralelo ya hab\u00eda subido $10 el lunes, con los que volvi\u00f3 a superar la barrera de los $1000, y ahora&nbsp;<strong>cotiza a $1020.<\/strong><\/p>\n\n\n\n<p>La semana pasada, el d\u00f3lar blue lleg\u00f3 a bajar $30 y&nbsp;<strong>toc\u00f3 un m\u00ednimo de $985<\/strong>&nbsp;el pasado jueves. Sin embargo, desde ese entonces comenz\u00f3 a subir y&nbsp;<strong>cerr\u00f3 la semana a $995.<\/strong><\/p>\n\n\n\n<p>La divisa informal hab\u00eda bajado&nbsp;<strong>$165<\/strong>&nbsp;en febrero y cerr\u00f3 el mes a&nbsp;<strong>$1030.&nbsp;<\/strong>De esta manera, y pese al crecimiento que tuvo en los \u00faltimos d\u00edas, el d\u00f3lar blue se mantiene $10 por debajo de la cotizaci\u00f3n del mes pasado.<\/p>\n\n\n\n<h2 class=\"wp-block-heading\">Cu\u00e1les fueron las medidas anunciadas por el Banco Central<\/h2>\n\n\n\n<p>En el comunicado que dio a conocer, el Banco Central defini\u00f3 las siguientes medidas:<\/p>\n\n\n\n<ul class=\"wp-block-list\">\n<li><strong>Reducci\u00f3n de la tasa de pol\u00edtica monetaria<\/strong>: a partir del 12 de marzo, la tasa de inter\u00e9s<strong>&nbsp;de los pases pasivos queda fija en 80% TNA<\/strong>.<\/li>\n\n\n\n<li><strong>Normalizaci\u00f3n de la gesti\u00f3n de liquidez por v\u00eda de pases:&nbsp;<\/strong>a partir del 18 de marzo, el acceso a la ventanilla de pases volver\u00e1 a ser exclusivo para las entidades financieras reguladas por BCRA.<\/li>\n\n\n\n<li><strong>Desregulaci\u00f3n de tasas m\u00ednimas de inter\u00e9s<\/strong>: a partir del 12 de marzo,<strong>&nbsp;se elimina la tasa m\u00ednima de plazo fijo.<\/strong><\/li>\n<\/ul>\n","protected":false},"excerpt":{"rendered":"<p>Tras varias jornadas a la baja, el paralelo aumenta 1,4%, mientras el MEP y el CCL suben fuerte. Se produce luego de que los bancos, que pueden ofrecer rendimientos de&hellip; <\/p>\n","protected":false},"author":8,"featured_media":132074,"comment_status":"closed","ping_status":"open","sticky":false,"template":"","format":"standard","meta":{"footnotes":""},"categories":[20],"tags":[],"class_list":["post-132073","post","type-post","status-publish","format-standard","has-post-thumbnail","hentry","category-economia"],"_links":{"self":[{"href":"https:\/\/corrientesdetarde.com\/index.php\/wp-json\/wp\/v2\/posts\/132073","targetHints":{"allow":["GET"]}}],"collection":[{"href":"https:\/\/corrientesdetarde.com\/index.php\/wp-json\/wp\/v2\/posts"}],"about":[{"href":"https:\/\/corrientesdetarde.com\/index.php\/wp-json\/wp\/v2\/types\/post"}],"author":[{"embeddable":true,"href":"https:\/\/corrientesdetarde.com\/index.php\/wp-json\/wp\/v2\/users\/8"}],"replies":[{"embeddable":true,"href":"https:\/\/corrientesdetarde.com\/index.php\/wp-json\/wp\/v2\/comments?post=132073"}],"version-history":[{"count":1,"href":"https:\/\/corrientesdetarde.com\/index.php\/wp-json\/wp\/v2\/posts\/132073\/revisions"}],"predecessor-version":[{"id":132075,"href":"https:\/\/corrientesdetarde.com\/index.php\/wp-json\/wp\/v2\/posts\/132073\/revisions\/132075"}],"wp:featuredmedia":[{"embeddable":true,"href":"https:\/\/corrientesdetarde.com\/index.php\/wp-json\/wp\/v2\/media\/132074"}],"wp:attachment":[{"href":"https:\/\/corrientesdetarde.com\/index.php\/wp-json\/wp\/v2\/media?parent=132073"}],"wp:term":[{"taxonomy":"category","embeddable":true,"href":"https:\/\/corrientesdetarde.com\/index.php\/wp-json\/wp\/v2\/categories?post=132073"},{"taxonomy":"post_tag","embeddable":true,"href":"https:\/\/corrientesdetarde.com\/index.php\/wp-json\/wp\/v2\/tags?post=132073"}],"curies":[{"name":"wp","href":"https:\/\/api.w.org\/{rel}","templated":true}]}}