{"id":132076,"date":"2024-03-12T13:37:34","date_gmt":"2024-03-12T16:37:34","guid":{"rendered":"https:\/\/corrientesdetarde.com\/?p=132076"},"modified":"2024-03-12T13:37:39","modified_gmt":"2024-03-12T16:37:39","slug":"javier-milei-anticipo-que-la-inflacion-de-febrero-seria-menor-al-15","status":"publish","type":"post","link":"https:\/\/corrientesdetarde.com\/index.php\/politica\/javier-milei-anticipo-que-la-inflacion-de-febrero-seria-menor-al-15\/","title":{"rendered":"Javier Milei anticip\u00f3 que la inflaci\u00f3n de febrero ser\u00eda menor al 15%"},"content":{"rendered":"\n<p>El Presidente respald\u00f3 el ajuste del gasto p\u00fablico que impulsa y critic\u00f3 los controles de precios que hab\u00eda llevado adelante el kirchnerismo.<\/p>\n\n\n\n<p>El presidente\u00a0Javier Milei\u00a0adelant\u00f3 que la\u00a0inflaci\u00f3n de febrero\u00a0se ubicar\u00eda por debajo del\u00a0<strong>15%,<\/strong>\u00a0lo que consider\u00f3 que ser\u00eda \u201cun\u00a0<strong>numerazo\u201d.<\/strong>\u00a0La previsi\u00f3n va en l\u00ednea con las estimaciones tanto oficiales como de analistas privados, que coincidieron que ir\u00eda en esa l\u00ednea, como anticip\u00f3\u00a0<strong>.<\/strong>\u00a0El mandatario adem\u00e1s respald\u00f3 el fuerte ajuste del gasto p\u00fablico que impulsa y cuestion\u00f3 los controles de precios que hab\u00eda llevado adelante el kirchnerismo, de los que dijo que \u201cno funcionan\u201d.<\/p>\n\n\n\n<p>En\u00a0<strong>enero<\/strong>\u00a0el \u00cdndice de Precios al Consumidor (IPC) fue del\u00a0<strong>20,6%,<\/strong>\u00a0lo que se tradujo una desaceleraci\u00f3n con respecto a\u00a0<strong>diciembre,<\/strong>\u00a0que hab\u00eda marcado un m\u00e1ximo mensual de<strong>\u00a025,5%.<\/strong>\u00a0Para algunas consultoras privadas en febrero se habr\u00eda mantenido un sostenido declive en el alza de precios, mientras que otros plantean un escenario de amasetamiento en el valor de los alimentos.<\/p>\n\n\n\n<p>Milei consider\u00f3 adem\u00e1s que en los pr\u00f3ximos meses la inflaci\u00f3n podr\u00eda llegar a un d\u00edgito: \u201cSi le sum\u00e1s la suba de prepagas, que es de una vez, y tarifas, que son de una vez, en ese contexto, al n\u00famero le vas a tener que restar casi cinco puntos, cuando veas eso, va a hablar de una inflaci\u00f3n de<strong>&nbsp;un d\u00edgito\u201d.<\/strong><\/p>\n\n\n\n<p>El Presidente destac\u00f3 el \u201cprograma de\u00a0<strong>estabilizaci\u00f3n\u00a0<\/strong>muy duro que termin\u00f3 con la emisi\u00f3n monetaria\u201d: \u201cDesde que asumimos la base monetaria no vari\u00f3, en el medio compramos us$9500 millones, con el BOPREAL y la pol\u00edtica fiscal sacamos pesos de la calle y en el \u00faltimo mes el d\u00f3lar se cay\u00f3 como un piano\u201d, en declaraciones<em>.<\/em><\/p>\n\n\n\n<h2 class=\"wp-block-heading\">Javier Milei defendi\u00f3 la apertura de importaciones de productos de la canasta b\u00e1sica ante la suba de precios<\/h2>\n\n\n\n<p>Milei respald\u00f3\u00a0la apertura de importaciones\u00a0de algunos productos de la canasta b\u00e1sica ante la suba de precios. El Presidente dijo que esta medida, anunciada en conferencia de prensa por el vocero,\u00a0Manuel Adorni,\u00a0\u201char\u00e1 que   el nivel de precios sea\u00a0<strong>menor\u00a0<\/strong>ante la tasa de inflaci\u00f3n\u201d.<\/p>\n\n\n\n<p>Adorni anunci\u00f3 la medida tras la reuni\u00f3n del lunes entre el ministro de Econom\u00eda,&nbsp;<strong>Luis Caputo,<\/strong>&nbsp;con supermercadistas: \u201cSe ha tomado la determinaci\u00f3n de<strong>&nbsp;abrir definitivamente&nbsp;<\/strong>las importaciones de determinados productos de la canasta familiar,&nbsp;en pos de poder hacer los precios m\u00e1s competitivos y en beneficio de las familias y los consumidores argentinos\u201d.<\/p>\n\n\n\n<h2 class=\"wp-block-heading\">Javier Milei dijo que todav\u00eda \u201cno est\u00e1n dadas las condiciones para abrir el cepo\u201d<\/h2>\n\n\n\n<p>El Presidente aclar\u00f3 que todav\u00eda \u201cno est\u00e1n dadas las condiciones para abrir el&nbsp;<strong>cepo cambiario\u201d:<\/strong>&nbsp;\u201cTodav\u00eda no me queda claro que si abro el cepo no tengo una&nbsp;<strong>corrida,&nbsp;<\/strong>prefiero esperar un poco m\u00e1s y cuidarme en salud. Hay otro tema que tiene que ver con los dep\u00f3sitos, est\u00e1 claro que si lo hac\u00eda al inicio del Gobierno iba a haber una corrida y la hiperinflaci\u00f3n iba a tener lugar. No voy a abrir el cepo hasta que no tenga la seguridad de que no me coma un descalabro monetario\u201d.<\/p>\n\n\n\n<h2 class=\"wp-block-heading\">Javier Milei critic\u00f3 los controles de precios durante el kirchnerismo: \u201cNo funcionan\u201d<\/h2>\n\n\n\n<p>Milei critic\u00f3 los controles de precios durante el kirchnerismo: \u201cSi la econom\u00eda funcionara con el m\u00e9todo de (el ex secretario de Comercio Interior)&nbsp;<strong>Guillermo Moreno,&nbsp;<\/strong>llamando empresarios,&nbsp;<strong>apretando&nbsp;<\/strong>gente v\u00eda llamados telef\u00f3nicos&#8230; no funcionan, los controles de precios&nbsp;<strong>no funcionan\u201d.<\/strong><\/p>\n","protected":false},"excerpt":{"rendered":"<p>El Presidente respald\u00f3 el ajuste del gasto p\u00fablico que impulsa y critic\u00f3 los controles de precios que hab\u00eda llevado adelante el kirchnerismo. El presidente\u00a0Javier Milei\u00a0adelant\u00f3 que la\u00a0inflaci\u00f3n de febrero\u00a0se ubicar\u00eda&hellip; <\/p>\n","protected":false},"author":8,"featured_media":132077,"comment_status":"closed","ping_status":"open","sticky":false,"template":"","format":"standard","meta":{"footnotes":""},"categories":[3],"tags":[],"class_list":["post-132076","post","type-post","status-publish","format-standard","has-post-thumbnail","hentry","category-politica"],"_links":{"self":[{"href":"https:\/\/corrientesdetarde.com\/index.php\/wp-json\/wp\/v2\/posts\/132076","targetHints":{"allow":["GET"]}}],"collection":[{"href":"https:\/\/corrientesdetarde.com\/index.php\/wp-json\/wp\/v2\/posts"}],"about":[{"href":"https:\/\/corrientesdetarde.com\/index.php\/wp-json\/wp\/v2\/types\/post"}],"author":[{"embeddable":true,"href":"https:\/\/corrientesdetarde.com\/index.php\/wp-json\/wp\/v2\/users\/8"}],"replies":[{"embeddable":true,"href":"https:\/\/corrientesdetarde.com\/index.php\/wp-json\/wp\/v2\/comments?post=132076"}],"version-history":[{"count":1,"href":"https:\/\/corrientesdetarde.com\/index.php\/wp-json\/wp\/v2\/posts\/132076\/revisions"}],"predecessor-version":[{"id":132078,"href":"https:\/\/corrientesdetarde.com\/index.php\/wp-json\/wp\/v2\/posts\/132076\/revisions\/132078"}],"wp:featuredmedia":[{"embeddable":true,"href":"https:\/\/corrientesdetarde.com\/index.php\/wp-json\/wp\/v2\/media\/132077"}],"wp:attachment":[{"href":"https:\/\/corrientesdetarde.com\/index.php\/wp-json\/wp\/v2\/media?parent=132076"}],"wp:term":[{"taxonomy":"category","embeddable":true,"href":"https:\/\/corrientesdetarde.com\/index.php\/wp-json\/wp\/v2\/categories?post=132076"},{"taxonomy":"post_tag","embeddable":true,"href":"https:\/\/corrientesdetarde.com\/index.php\/wp-json\/wp\/v2\/tags?post=132076"}],"curies":[{"name":"wp","href":"https:\/\/api.w.org\/{rel}","templated":true}]}}