{"id":13208,"date":"2022-10-21T10:20:25","date_gmt":"2022-10-21T13:20:25","guid":{"rendered":"https:\/\/corrientesdetarde.com\/?p=13208"},"modified":"2022-10-21T10:20:28","modified_gmt":"2022-10-21T13:20:28","slug":"la-imagen-de-la-virgen-de-lujan-visitara-corrientes-este-fin-de-semana","status":"publish","type":"post","link":"https:\/\/corrientesdetarde.com\/index.php\/informacion-general\/la-imagen-de-la-virgen-de-lujan-visitara-corrientes-este-fin-de-semana\/","title":{"rendered":"La imagen de la Virgen de Luj\u00e1n visitar\u00e1 Corrientes este fin de semana"},"content":{"rendered":"\n<p>La imagen peregrina de la Virgen de Luj\u00e1n, Patrona de Argentina, visitar\u00e1 este fin de semana Corrientes, en el marco de la peregrinaci\u00f3n nacional de los curas villeros contra la droga. Con el lema &#8220;Ni un pibe menos por la droga&#8221;, el movimiento recorre el pa\u00eds junto a j\u00f3venes recuperados de las adicciones.<\/p>\n\n\n\n<p>El viaje culminar\u00e1 en marzo de 2023 y es motorizado por el padre Pepe Di Paola, fundador de los Hogares de Cristo, que dan contenci\u00f3n a las v\u00edctimas de este flagelo.<\/p>\n\n\n\n<p>La visita a Corrientes ser\u00e1 a partir de este viernes. A las 18.30 se espera la llegada de la imagen de la Virgen desde Resistencia. Ser\u00e1 esperada sobre avenida 3 de Abril y desde all\u00ed acompa\u00f1ada en caravana hasta la parroquia Jes\u00fas Misericordioso. All\u00ed habr\u00e1 animaci\u00f3n musical y se celebrar\u00e1 la Santa Misa a las 20.<\/p>\n\n\n\n<p>El s\u00e1bado ser\u00e1 trasladada hasta la Bas\u00edlica de la Virgen de Itat\u00ed a las 10. Junto al grupo de peregrinos y miembros de las Pastoral de Adicciones de la Arquidi\u00f3cesis, se realizar\u00e1 una misi\u00f3n por el pueblo durante toda la jornada.<\/p>\n\n\n\n<p>A partir de las 18.30, en el Santuario, habr\u00e1 animaci\u00f3n para preparar la celebraci\u00f3n eucar\u00edstica que monse\u00f1or Andr\u00e9s Stanovnik presidir\u00e1, a las 19.<\/p>\n\n\n\n<p>Luego se podr\u00e1 disfrutar de un festival en el atrio de la Bas\u00edlica.<\/p>\n\n\n\n<figure class=\"wp-block-image\"><img decoding=\"async\" src=\"https:\/\/www.diarioepoca.com\/content\/bucket\/8\/1257648w762h572c.jpg.webp\" alt=\"\"\/><\/figure>\n\n\n\n<p>El domingo 23, se retomar\u00e1 la misi\u00f3n por el pueblo, y a las 15, se invita a toda la comunidad y peregrinos de la Virgen a realizar una caminata por la vera del r\u00edo Paran\u00e1.<\/p>\n\n\n\n<p>La Peregrinaci\u00f3n llevar\u00e1 una r\u00e9plica de la Virgen de Luj\u00e1n por los Centros Barriales del Hogar de Cristo de toda la Argentina con el lema #NiUnPibeMenosPorLaDroga. Viajar\u00e1 tambi\u00e9n una Cruz muy significativa: la que estaba en el templo de la parroquia Nuestra Se\u00f1ora de Caacup\u00e9 cuando el cardenal Bergoglio (hoy Papa Francisco) el Jueves Santo del 2008 lav\u00f3 los pies a j\u00f3venes que estaban luchando contra el consumo de paco.<\/p>\n\n\n\n<p>Vale mencionar, que el padre Pepe Di Paola, est\u00e1 al frente de los llamados Hogares de Cristo, una red que ya re\u00fane a m\u00e1s de 150 centros barriales y, unida en la Federaci\u00f3n Familia Grande Hogar de Cristo, se disemin\u00f3 por todo el pa\u00eds.<\/p>\n\n\n\n<p>La experiencia, que naci\u00f3 en la Villa 31 de Retiro, se fue replicando en otras localidades del interior. Esto se hizo siguiendo dos ejes: un abordaje territorial, dando respuesta en el lugar, no derivando a la persona sino trabajando en comunidad. Y el otro eje es la complejidad, entender que todos pueden aportar.<\/p>\n","protected":false},"excerpt":{"rendered":"<p>La imagen peregrina de la Virgen de Luj\u00e1n, Patrona de Argentina, visitar\u00e1 este fin de semana Corrientes, en el marco de la peregrinaci\u00f3n nacional de los curas villeros contra la&hellip; <\/p>\n","protected":false},"author":4,"featured_media":13209,"comment_status":"closed","ping_status":"open","sticky":false,"template":"","format":"standard","meta":{"footnotes":""},"categories":[1],"tags":[],"class_list":["post-13208","post","type-post","status-publish","format-standard","has-post-thumbnail","hentry","category-informacion-general"],"_links":{"self":[{"href":"https:\/\/corrientesdetarde.com\/index.php\/wp-json\/wp\/v2\/posts\/13208","targetHints":{"allow":["GET"]}}],"collection":[{"href":"https:\/\/corrientesdetarde.com\/index.php\/wp-json\/wp\/v2\/posts"}],"about":[{"href":"https:\/\/corrientesdetarde.com\/index.php\/wp-json\/wp\/v2\/types\/post"}],"author":[{"embeddable":true,"href":"https:\/\/corrientesdetarde.com\/index.php\/wp-json\/wp\/v2\/users\/4"}],"replies":[{"embeddable":true,"href":"https:\/\/corrientesdetarde.com\/index.php\/wp-json\/wp\/v2\/comments?post=13208"}],"version-history":[{"count":1,"href":"https:\/\/corrientesdetarde.com\/index.php\/wp-json\/wp\/v2\/posts\/13208\/revisions"}],"predecessor-version":[{"id":13210,"href":"https:\/\/corrientesdetarde.com\/index.php\/wp-json\/wp\/v2\/posts\/13208\/revisions\/13210"}],"wp:featuredmedia":[{"embeddable":true,"href":"https:\/\/corrientesdetarde.com\/index.php\/wp-json\/wp\/v2\/media\/13209"}],"wp:attachment":[{"href":"https:\/\/corrientesdetarde.com\/index.php\/wp-json\/wp\/v2\/media?parent=13208"}],"wp:term":[{"taxonomy":"category","embeddable":true,"href":"https:\/\/corrientesdetarde.com\/index.php\/wp-json\/wp\/v2\/categories?post=13208"},{"taxonomy":"post_tag","embeddable":true,"href":"https:\/\/corrientesdetarde.com\/index.php\/wp-json\/wp\/v2\/tags?post=13208"}],"curies":[{"name":"wp","href":"https:\/\/api.w.org\/{rel}","templated":true}]}}