{"id":132088,"date":"2024-03-12T14:16:29","date_gmt":"2024-03-12T17:16:29","guid":{"rendered":"https:\/\/corrientesdetarde.com\/?p=132088"},"modified":"2024-03-12T14:16:41","modified_gmt":"2024-03-12T17:16:41","slug":"se-inauguro-el-punto-verde-n-16-y-tassano-ratifico-el-compromiso-de-la-gestion-con-el-ambiente-y-la-lucha-contra-el-cambio-climatico","status":"publish","type":"post","link":"https:\/\/corrientesdetarde.com\/index.php\/medio-ambiente\/se-inauguro-el-punto-verde-n-16-y-tassano-ratifico-el-compromiso-de-la-gestion-con-el-ambiente-y-la-lucha-contra-el-cambio-climatico\/","title":{"rendered":"Se inaugur\u00f3 el Punto Verde N\u00b0 16 y Tassano ratific\u00f3 el compromiso de la gesti\u00f3n con el ambiente y la lucha contra el cambio clim\u00e1tico"},"content":{"rendered":"\n<figure class=\"wp-block-table\"><table><tbody><tr><td><em>\u201cEstamos construyendo el camino de la concientizaci\u00f3n\u201d, indic\u00f3 el intendente al habilitar este martes el nuevo contenedor para que los vecinos puedan hacer la diferenciaci\u00f3n de residuos domiciliarios. De esta manera se ampl\u00eda el radio de influencia para realizar esta actividad fundamental, que contribuye a la protecci\u00f3n ambiental, el impulso a la econom\u00eda circular y la lucha contra el cambio clim\u00e1tico.<\/em><br>En el marco de una de las principales acciones que impulsa el Municipio en cuanto al cuidado del medioambiente y la lucha contra el cambio clim\u00e1tico, este martes el intendente Eduardo Tassano inaugur\u00f3 el 16\u00ba Punto Verde de la ciudad, que desde hoy funciona en la plaza Giacchino del barrio Santa Teresita.<br>De esta manera, se expanden las zonas de la ciudad que cuentan con contenedores diferenciados para el reciclaje y la reutilizaci\u00f3n de materiales como vidrio, pl\u00e1stico y cart\u00f3n, que luego son recolectados por camiones especiales.<br>En este sentido, desde la gesti\u00f3n liderada por Tassano se destac\u00f3 que el programa municipal registra un crecimiento constante en la participaci\u00f3n de los vecinos, lo que demuestra el progreso alcanzado en materia de concientizaci\u00f3n ciudadana respecto al cuidado ambiental y permite avanzar en la construcci\u00f3n de Corrientes como ciudad sustentable.<br>Para esta inauguraci\u00f3n del Punto Verde N\u00b016, adem\u00e1s de Tassano, asistieron el secretario de Ambiente y Desarrollo Sustentable municipal, Ignacio Maldonado Yonna y dem\u00e1s funcionarios municipales, concejales y vecinos en general.<br><br>TRABAJO DE CONCIENTIZACI\u00d3N<br>\u201cEstamos en muchos barrios\u201d, comenz\u00f3 valorizando el intendente al destacar el alcance del programa y a\u00f1adi\u00f3 que \u201ccontamos con mucha recepci\u00f3n por parte de los vecinos y apuntamos a concientizar a la sociedad\u201d.<br>Adem\u00e1s, remarc\u00f3 que desde la gesti\u00f3n \u201ctrabajamos para poner nuestro granito de arena para luchar contra el cambio clim\u00e1tico\u201d y para ello \u201cvamos construyendo el camino de la concientizaci\u00f3n, al que acompa\u00f1amos con acciones concretas como estas\u201d.<br><br>TRAZANDO OBJETIVOS<br>Por su parte, el secretario de Ambiente, advirti\u00f3 que \u201cel cambio clim\u00e1tico existe y no es una problem\u00e1tica a futuro, sino que ya est\u00e1 presente. Por eso, como ciudad, debemos estar lo mejor preparado posible\u201d y agreg\u00f3 que \u201cToda acci\u00f3n, por m\u00e1s m\u00ednima que sea, colabora en la lucha contra el cambio clim\u00e1tico y de esta manera contra las cat\u00e1strofes clim\u00e1ticas que, como ciudad, pero tambi\u00e9n como provincia y pa\u00eds estamos enfrentando\u201d.<br>Respecto de los proyectos para extender el alcance de los puntos verdes en la ciudad, Maldonado Yonna afirm\u00f3: \u201cLa idea es poder llegar a la mayor cantidad de barrios posible y que todos los vecinos se sumen&#8230; El objetivo es poder superar los valores del a\u00f1o pasado\u201d, concluy\u00f3 refiri\u00e9ndose a la recolecci\u00f3n de residuos.<\/td><\/tr><\/tbody><\/table><\/figure>\n\n\n\n<figure class=\"wp-block-table\"><table><tbody><tr><td>INAUGURACI\u00d3N DEL PUNTO VERDE N\u00b0 16 &#8211; MATERIAL PARA TV<br><a href=\"https:\/\/ciudaddecorrientes.us12.list-manage.com\/track\/click?u=253e4bcff71216c6af771c3c9&amp;id=63991e8314&amp;e=17643edfa8\" target=\"_blank\" rel=\"noreferrer noopener\">https:\/\/youtu.be\/ePwGYoovFiY<\/a><\/td><\/tr><\/tbody><\/table><\/figure>\n\n\n\n<figure class=\"wp-block-image size-large\"><img loading=\"lazy\" decoding=\"async\" width=\"1024\" height=\"682\" src=\"https:\/\/corrientesdetarde.com\/wp-content\/uploads\/2024\/03\/image-281-1024x682.png\" alt=\"\" class=\"wp-image-132089\" srcset=\"https:\/\/corrientesdetarde.com\/wp-content\/uploads\/2024\/03\/image-281-1024x682.png 1024w, https:\/\/corrientesdetarde.com\/wp-content\/uploads\/2024\/03\/image-281-300x200.png 300w, https:\/\/corrientesdetarde.com\/wp-content\/uploads\/2024\/03\/image-281-768x512.png 768w, https:\/\/corrientesdetarde.com\/wp-content\/uploads\/2024\/03\/image-281.png 1280w\" sizes=\"auto, (max-width: 1024px) 100vw, 1024px\" \/><\/figure>\n\n\n\n<figure class=\"wp-block-image size-large\"><img loading=\"lazy\" decoding=\"async\" width=\"1024\" height=\"682\" src=\"https:\/\/corrientesdetarde.com\/wp-content\/uploads\/2024\/03\/image-283-1024x682.png\" alt=\"\" class=\"wp-image-132091\" srcset=\"https:\/\/corrientesdetarde.com\/wp-content\/uploads\/2024\/03\/image-283-1024x682.png 1024w, https:\/\/corrientesdetarde.com\/wp-content\/uploads\/2024\/03\/image-283-300x200.png 300w, https:\/\/corrientesdetarde.com\/wp-content\/uploads\/2024\/03\/image-283-768x512.png 768w, https:\/\/corrientesdetarde.com\/wp-content\/uploads\/2024\/03\/image-283.png 1280w\" sizes=\"auto, (max-width: 1024px) 100vw, 1024px\" \/><\/figure>\n\n\n\n<figure class=\"wp-block-image size-large\"><img loading=\"lazy\" decoding=\"async\" width=\"1024\" height=\"682\" src=\"https:\/\/corrientesdetarde.com\/wp-content\/uploads\/2024\/03\/image-284-1024x682.png\" alt=\"\" class=\"wp-image-132092\" srcset=\"https:\/\/corrientesdetarde.com\/wp-content\/uploads\/2024\/03\/image-284-1024x682.png 1024w, https:\/\/corrientesdetarde.com\/wp-content\/uploads\/2024\/03\/image-284-300x200.png 300w, https:\/\/corrientesdetarde.com\/wp-content\/uploads\/2024\/03\/image-284-768x512.png 768w, https:\/\/corrientesdetarde.com\/wp-content\/uploads\/2024\/03\/image-284.png 1280w\" sizes=\"auto, (max-width: 1024px) 100vw, 1024px\" \/><\/figure>\n","protected":false},"excerpt":{"rendered":"<p>\u201cEstamos construyendo el camino de la concientizaci\u00f3n\u201d, indic\u00f3 el intendente al habilitar este martes el nuevo contenedor para que los vecinos puedan hacer la diferenciaci\u00f3n de residuos domiciliarios. De esta&hellip; <\/p>\n","protected":false},"author":8,"featured_media":132090,"comment_status":"closed","ping_status":"open","sticky":false,"template":"","format":"standard","meta":{"footnotes":""},"categories":[6],"tags":[],"class_list":["post-132088","post","type-post","status-publish","format-standard","has-post-thumbnail","hentry","category-medio-ambiente"],"_links":{"self":[{"href":"https:\/\/corrientesdetarde.com\/index.php\/wp-json\/wp\/v2\/posts\/132088","targetHints":{"allow":["GET"]}}],"collection":[{"href":"https:\/\/corrientesdetarde.com\/index.php\/wp-json\/wp\/v2\/posts"}],"about":[{"href":"https:\/\/corrientesdetarde.com\/index.php\/wp-json\/wp\/v2\/types\/post"}],"author":[{"embeddable":true,"href":"https:\/\/corrientesdetarde.com\/index.php\/wp-json\/wp\/v2\/users\/8"}],"replies":[{"embeddable":true,"href":"https:\/\/corrientesdetarde.com\/index.php\/wp-json\/wp\/v2\/comments?post=132088"}],"version-history":[{"count":1,"href":"https:\/\/corrientesdetarde.com\/index.php\/wp-json\/wp\/v2\/posts\/132088\/revisions"}],"predecessor-version":[{"id":132093,"href":"https:\/\/corrientesdetarde.com\/index.php\/wp-json\/wp\/v2\/posts\/132088\/revisions\/132093"}],"wp:featuredmedia":[{"embeddable":true,"href":"https:\/\/corrientesdetarde.com\/index.php\/wp-json\/wp\/v2\/media\/132090"}],"wp:attachment":[{"href":"https:\/\/corrientesdetarde.com\/index.php\/wp-json\/wp\/v2\/media?parent=132088"}],"wp:term":[{"taxonomy":"category","embeddable":true,"href":"https:\/\/corrientesdetarde.com\/index.php\/wp-json\/wp\/v2\/categories?post=132088"},{"taxonomy":"post_tag","embeddable":true,"href":"https:\/\/corrientesdetarde.com\/index.php\/wp-json\/wp\/v2\/tags?post=132088"}],"curies":[{"name":"wp","href":"https:\/\/api.w.org\/{rel}","templated":true}]}}