{"id":13211,"date":"2022-10-21T10:25:31","date_gmt":"2022-10-21T13:25:31","guid":{"rendered":"https:\/\/corrientesdetarde.com\/?p=13211"},"modified":"2022-10-21T10:25:34","modified_gmt":"2022-10-21T13:25:34","slug":"coprodis-continua-con-auditorias-a-instituciones-prestadoras","status":"publish","type":"post","link":"https:\/\/corrientesdetarde.com\/index.php\/informacion-general\/coprodis-continua-con-auditorias-a-instituciones-prestadoras\/","title":{"rendered":"COPRODIS contin\u00faa con auditor\u00edas a instituciones prestadoras"},"content":{"rendered":"\n<p>El Ministerio de Desarrollo Social de la provincia\u00a0a trav\u00e9s del COPRODIS contin\u00faa realizando auditor\u00edas de control y categorizaci\u00f3n a las instituciones prestadoras en pos de las personas con discapacidad.<\/p>\n\n\n\n<figure class=\"wp-block-image size-large\"><img loading=\"lazy\" decoding=\"async\" width=\"1024\" height=\"752\" src=\"https:\/\/corrientesdetarde.com\/wp-content\/uploads\/2022\/10\/Captura-de-pantalla-2022-10-21-102153-1024x752.png\" alt=\"\" class=\"wp-image-13213\" srcset=\"https:\/\/corrientesdetarde.com\/wp-content\/uploads\/2022\/10\/Captura-de-pantalla-2022-10-21-102153-1024x752.png 1024w, https:\/\/corrientesdetarde.com\/wp-content\/uploads\/2022\/10\/Captura-de-pantalla-2022-10-21-102153-300x220.png 300w, https:\/\/corrientesdetarde.com\/wp-content\/uploads\/2022\/10\/Captura-de-pantalla-2022-10-21-102153-768x564.png 768w, https:\/\/corrientesdetarde.com\/wp-content\/uploads\/2022\/10\/Captura-de-pantalla-2022-10-21-102153.png 1269w\" sizes=\"auto, (max-width: 1024px) 100vw, 1024px\" \/><\/figure>\n\n\n\n<p>Este martes 17 la Junta Categorizadora de Prestadores del&nbsp;Consejo Provincial de Discapacidad cuya Directora es la Prof. Roxana Tannuri visit\u00f3 Centro de d\u00eda \u201cApip\u00e9\u201d&nbsp;de Goya, instituci\u00f3n que brinda un servicio integral interdisciplinario a ni\u00f1os, j\u00f3venes y adultos con discapacidad motora, mental y multidiscapacidad.<\/p>\n\n\n\n<p>Por otra parte, d\u00edas pasados tambi\u00e9n visit\u00f3 \u201c El Puente\u201d Centro de Rehabilitaci\u00f3n para adultos mayores destinado a&nbsp;revitalizar el estado emocional, cognitivo, f\u00edsico y la integraci\u00f3n social de las personas ubicado en Corrientes Capital.<\/p>\n","protected":false},"excerpt":{"rendered":"<p>El Ministerio de Desarrollo Social de la provincia\u00a0a trav\u00e9s del COPRODIS contin\u00faa realizando auditor\u00edas de control y categorizaci\u00f3n a las instituciones prestadoras en pos de las personas con discapacidad. Este&hellip; <\/p>\n","protected":false},"author":4,"featured_media":13212,"comment_status":"closed","ping_status":"open","sticky":false,"template":"","format":"standard","meta":{"footnotes":""},"categories":[1],"tags":[],"class_list":["post-13211","post","type-post","status-publish","format-standard","has-post-thumbnail","hentry","category-informacion-general"],"_links":{"self":[{"href":"https:\/\/corrientesdetarde.com\/index.php\/wp-json\/wp\/v2\/posts\/13211","targetHints":{"allow":["GET"]}}],"collection":[{"href":"https:\/\/corrientesdetarde.com\/index.php\/wp-json\/wp\/v2\/posts"}],"about":[{"href":"https:\/\/corrientesdetarde.com\/index.php\/wp-json\/wp\/v2\/types\/post"}],"author":[{"embeddable":true,"href":"https:\/\/corrientesdetarde.com\/index.php\/wp-json\/wp\/v2\/users\/4"}],"replies":[{"embeddable":true,"href":"https:\/\/corrientesdetarde.com\/index.php\/wp-json\/wp\/v2\/comments?post=13211"}],"version-history":[{"count":1,"href":"https:\/\/corrientesdetarde.com\/index.php\/wp-json\/wp\/v2\/posts\/13211\/revisions"}],"predecessor-version":[{"id":13214,"href":"https:\/\/corrientesdetarde.com\/index.php\/wp-json\/wp\/v2\/posts\/13211\/revisions\/13214"}],"wp:featuredmedia":[{"embeddable":true,"href":"https:\/\/corrientesdetarde.com\/index.php\/wp-json\/wp\/v2\/media\/13212"}],"wp:attachment":[{"href":"https:\/\/corrientesdetarde.com\/index.php\/wp-json\/wp\/v2\/media?parent=13211"}],"wp:term":[{"taxonomy":"category","embeddable":true,"href":"https:\/\/corrientesdetarde.com\/index.php\/wp-json\/wp\/v2\/categories?post=13211"},{"taxonomy":"post_tag","embeddable":true,"href":"https:\/\/corrientesdetarde.com\/index.php\/wp-json\/wp\/v2\/tags?post=13211"}],"curies":[{"name":"wp","href":"https:\/\/api.w.org\/{rel}","templated":true}]}}