{"id":13215,"date":"2022-10-21T10:27:57","date_gmt":"2022-10-21T13:27:57","guid":{"rendered":"https:\/\/corrientesdetarde.com\/?p=13215"},"modified":"2022-10-21T10:27:59","modified_gmt":"2022-10-21T13:27:59","slug":"verificaron-el-precio-del-gas-en-las-distribuidoras-de-capital","status":"publish","type":"post","link":"https:\/\/corrientesdetarde.com\/index.php\/economia\/verificaron-el-precio-del-gas-en-las-distribuidoras-de-capital\/","title":{"rendered":"Verificaron el precio del gas en las distribuidoras de Capital"},"content":{"rendered":"\n<p><em>Ante el \u00faltimo aumento del precio de las garrafas de gas dispuesto por Naci\u00f3n, la Subsecretar\u00eda de Comercio de Corrientes confirm\u00f3 el cumplimiento del valor en distribuidoras de Capital y comprob\u00f3 que todos los establecimientos respetan el Precio M\u00e1ximo establecido.<\/em><\/p>\n\n\n\n<p>Por disposici\u00f3n nacional de julio de este a\u00f1o, la Secretar\u00eda de Energ\u00eda de la Naci\u00f3n&nbsp; estableci\u00f3 el precio de venta de las garrafas de gas licuado de petr\u00f3leo (GLP) de las garrafas de 10, 12, y 15 kg que siguen vigentes hasta la actualidad.<\/p>\n\n\n\n<p>En tanto, fijaron el Precio M\u00e1ximo de venta al p\u00fablico para las garrafas de 10 kilos, en 756,12 pesos \u00fanicamente en las distribuidoras autorizadas, sin contemplar el valor del precio de delivery que lo fija libremente cada empresa.&nbsp;<\/p>\n\n\n\n<p>\u201cEn ese importe se incluyen impuestos (IVA e ingresos brutos) y el denominado factor de apartamiento, no as\u00ed el traslado a domicilio del cliente, cuyo precio es libre\u201d, explic\u00f3 al respecto el subsecretario de Comercio, Juan Jos\u00e9 Ahmar.&nbsp;<\/p>\n\n\n\n<p>Al respecto del stock del producto, desde la cartera indicaron que \u201cera suficiente para la venta a usuarios finales\u201d, aunque advirtieron que \u201calgunas distribuidoras establecen cantidades m\u00e1ximas de venta de garrafas por persona para evitar que revendedores y comercios de proximidad acaparen y adquieran importantes cantidades de productos para su reventa\u201d.<\/p>\n\n\n\n<p>En este sentido, el director de Defensa del Consumidor, Orlando Seniquiel, recomend\u00f3 a los usuarios correntinos efectuar su compra directamente en las distribuidoras o, en el caso de las garrafas de la empresa productora nacional, en todas las estaciones de servicio de esa bandera.&nbsp;<\/p>\n\n\n\n<p>La ministra Mariel Gabur resalt\u00f3 que estos controles continuar\u00e1n tanto en Capital como en el interior. Por cualquier denuncia o reclamo comunicarse a los tel\u00e9fonos 3794 476025\/6, a trav\u00e9s del sitio web\u00a0www.itc.corrientes.gob.ar, o personalmente en la sede central de la Direcci\u00f3n de Defensa del Consumidor, en Carlos Pellegrini 1024 de la ciudad de Corrientes o en sus delegaciones del interior.<\/p>\n\n\n\n<p><\/p>\n\n\n\n<p><\/p>\n","protected":false},"excerpt":{"rendered":"<p>Ante el \u00faltimo aumento del precio de las garrafas de gas dispuesto por Naci\u00f3n, la Subsecretar\u00eda de Comercio de Corrientes confirm\u00f3 el cumplimiento del valor en distribuidoras de Capital y&hellip; <\/p>\n","protected":false},"author":4,"featured_media":13216,"comment_status":"closed","ping_status":"open","sticky":false,"template":"","format":"standard","meta":{"footnotes":""},"categories":[20],"tags":[],"class_list":["post-13215","post","type-post","status-publish","format-standard","has-post-thumbnail","hentry","category-economia"],"_links":{"self":[{"href":"https:\/\/corrientesdetarde.com\/index.php\/wp-json\/wp\/v2\/posts\/13215","targetHints":{"allow":["GET"]}}],"collection":[{"href":"https:\/\/corrientesdetarde.com\/index.php\/wp-json\/wp\/v2\/posts"}],"about":[{"href":"https:\/\/corrientesdetarde.com\/index.php\/wp-json\/wp\/v2\/types\/post"}],"author":[{"embeddable":true,"href":"https:\/\/corrientesdetarde.com\/index.php\/wp-json\/wp\/v2\/users\/4"}],"replies":[{"embeddable":true,"href":"https:\/\/corrientesdetarde.com\/index.php\/wp-json\/wp\/v2\/comments?post=13215"}],"version-history":[{"count":1,"href":"https:\/\/corrientesdetarde.com\/index.php\/wp-json\/wp\/v2\/posts\/13215\/revisions"}],"predecessor-version":[{"id":13217,"href":"https:\/\/corrientesdetarde.com\/index.php\/wp-json\/wp\/v2\/posts\/13215\/revisions\/13217"}],"wp:featuredmedia":[{"embeddable":true,"href":"https:\/\/corrientesdetarde.com\/index.php\/wp-json\/wp\/v2\/media\/13216"}],"wp:attachment":[{"href":"https:\/\/corrientesdetarde.com\/index.php\/wp-json\/wp\/v2\/media?parent=13215"}],"wp:term":[{"taxonomy":"category","embeddable":true,"href":"https:\/\/corrientesdetarde.com\/index.php\/wp-json\/wp\/v2\/categories?post=13215"},{"taxonomy":"post_tag","embeddable":true,"href":"https:\/\/corrientesdetarde.com\/index.php\/wp-json\/wp\/v2\/tags?post=13215"}],"curies":[{"name":"wp","href":"https:\/\/api.w.org\/{rel}","templated":true}]}}