{"id":132194,"date":"2024-03-12T21:43:31","date_gmt":"2024-03-13T00:43:31","guid":{"rendered":"https:\/\/corrientesdetarde.com\/?p=132194"},"modified":"2024-03-12T21:43:44","modified_gmt":"2024-03-13T00:43:44","slug":"un-opositor-ucraniano-exiliado-auguro-que-zelenski-sera-derrocado-en-2024","status":"publish","type":"post","link":"https:\/\/corrientesdetarde.com\/index.php\/internacionales\/un-opositor-ucraniano-exiliado-auguro-que-zelenski-sera-derrocado-en-2024\/","title":{"rendered":"Un opositor ucraniano exiliado augur\u00f3 que Zelenski ser\u00e1 derrocado en 2024"},"content":{"rendered":"\n<p>El exiliado l\u00edder disidente V\u00edktor Medvedchuk expres\u00f3 su punto de vista.<\/p>\n\n\n\n<p><strong>El presidente de Ucrania, Volod\u00edmir Zelenski, est\u00e1 condenado a ser derrocado este a\u00f1o,&nbsp;<\/strong>seg\u00fan el punto de vista del exiliado l\u00edder opositor ucraniano V\u00edktor Medvedchuk.<\/p>\n\n\n\n<p>En una columna publicada el mi\u00e9rcoles,&nbsp;<strong>Medvedchuk arremeti\u00f3 contra el actual presidente ucraniano, calific\u00e1ndolo de &#8220;parodia sin gracia de un dictador&#8221;, cuya debilidad env\u00eda una se\u00f1al a todos los &#8220;depredadores pol\u00edticos para que se lo coman&#8221;.<\/strong><\/p>\n\n\n\n<p><strong>&#8220;Zelenski hizo a todo aquel que pudiera ser su enemigo: los grandes empresarios, a quienes incluy\u00f3 en su lista negra de traidores y oligarcas, los nazis profesionales, que ven su cobard\u00eda, los militares, que ven su incompetencia y, por \u00faltimo, pero no menos importante, el pueblo, que ve su indiferencia y crueldad&#8221;,&nbsp;<\/strong>recalc\u00f3.<\/p>\n\n\n\n<p>Medvedchuk continu\u00f3:&nbsp;<strong>\u201cUcrania se encuentra en una profunda crisis que seguramente conducir\u00e1 a un desastre nacional una vez que se reduzca la financiaci\u00f3n occidental para la guerra por poderes contra Rusia\u201d.<\/strong><\/p>\n\n\n\n<p><strong>&#8220;Los ciudadanos ucranianos deben darse cuenta de que la ca\u00edda de Zelenski no significa necesariamente una derrota del pueblo ucraniano&#8221;, precis\u00f3 Medvedchuk,&nbsp;<\/strong>quien remarc\u00f3 que&nbsp;<strong>su desaparici\u00f3n de de la escena pol\u00edtica ser\u00e1 buena para el pueblo ucraniano.<\/strong><\/p>\n\n\n\n<p><strong>&#8220;La ca\u00edda de Zelenski ser\u00eda una victoria para los ucranianos porque el presidente de Ucrania ha traicionado al pueblo y lo ha convertido en carne de ca\u00f1\u00f3n durante mucho tiempo&#8221;, insisti\u00f3<\/strong>.<\/p>\n\n\n\n<p>Medvedchuk sobrevol\u00f3 luego consideraciones acerca del papel de los Estados Unidos y&nbsp;<strong>la UE, a la que el primer pa\u00eds \u201csacrificar\u00e1\u201d en esta contienda para apoyar su econom\u00eda.<\/strong><\/p>\n\n\n\n<p><strong>Medvedchuk era el l\u00edder del partido Plataforma de Oposici\u00f3n \u2013 Por la Vida, que el gobierno de Zelenski prohibi\u00f3 por supuestamente ser &#8220;prorruso&#8221;.&nbsp;<\/strong><\/p>\n\n\n\n<p><strong>Fue arrestado y expulsado de Ucrania en un intercambio de prisioneros con Mosc\u00fa, &nbsp;todo seg\u00fan un extenso informe del sitio Resumen Latinoamericano, basado en material de Hispan TV.<\/strong><\/p>\n\n\n\n<p><strong>Medvedchuk sue\u00f1a con una Ucrania neutral que defienda los intereses nacionales pero que no sea enemiga de Rusia<\/strong>, seg\u00fan el art\u00edculo.<\/p>\n\n\n\n<p>Esta no es la primera noticia que refiere al posible derrocamiento de\u00a0<strong>Zelenski<\/strong>; en la v\u00edspera, el sitio Sputnik News hab\u00eda publicado que comandantes y combatientes de las unidades de \u00e9lite de las Fuerzas Armadas de Ucrania no est\u00e1n satisfechos con la remodelaci\u00f3n de la c\u00fapula militar del pa\u00eds y debaten seriamente esa posibilidad.<\/p>\n\n\n\n<p><strong>Anteriormente, periodistas de The Washington Post se\u00f1alaban que el destituido comandante militar Valeri Zaluzhni podr\u00eda suponer una amenaza para Zelenski si&nbsp;<\/strong><br><strong>decidiera iniciar una carrera pol\u00edtica.&nbsp;<\/strong><\/p>\n\n\n\n<p>Incluso,&nbsp;<strong>una encuesta reciente del Centro de Investigaci\u00f3n Social y de Marketing, el excomandante en jefe ganar\u00eda las elecciones presidenciales si se celebraran en Ucrania en 2024,&nbsp;<\/strong>suspendidas por Zelenski<strong>.<\/strong><\/p>\n","protected":false},"excerpt":{"rendered":"<p>El exiliado l\u00edder disidente V\u00edktor Medvedchuk expres\u00f3 su punto de vista. El presidente de Ucrania, Volod\u00edmir Zelenski, est\u00e1 condenado a ser derrocado este a\u00f1o,&nbsp;seg\u00fan el punto de vista del exiliado&hellip; <\/p>\n","protected":false},"author":4,"featured_media":132196,"comment_status":"closed","ping_status":"open","sticky":false,"template":"","format":"standard","meta":{"footnotes":""},"categories":[11],"tags":[],"class_list":["post-132194","post","type-post","status-publish","format-standard","has-post-thumbnail","hentry","category-internacionales"],"_links":{"self":[{"href":"https:\/\/corrientesdetarde.com\/index.php\/wp-json\/wp\/v2\/posts\/132194","targetHints":{"allow":["GET"]}}],"collection":[{"href":"https:\/\/corrientesdetarde.com\/index.php\/wp-json\/wp\/v2\/posts"}],"about":[{"href":"https:\/\/corrientesdetarde.com\/index.php\/wp-json\/wp\/v2\/types\/post"}],"author":[{"embeddable":true,"href":"https:\/\/corrientesdetarde.com\/index.php\/wp-json\/wp\/v2\/users\/4"}],"replies":[{"embeddable":true,"href":"https:\/\/corrientesdetarde.com\/index.php\/wp-json\/wp\/v2\/comments?post=132194"}],"version-history":[{"count":1,"href":"https:\/\/corrientesdetarde.com\/index.php\/wp-json\/wp\/v2\/posts\/132194\/revisions"}],"predecessor-version":[{"id":132197,"href":"https:\/\/corrientesdetarde.com\/index.php\/wp-json\/wp\/v2\/posts\/132194\/revisions\/132197"}],"wp:featuredmedia":[{"embeddable":true,"href":"https:\/\/corrientesdetarde.com\/index.php\/wp-json\/wp\/v2\/media\/132196"}],"wp:attachment":[{"href":"https:\/\/corrientesdetarde.com\/index.php\/wp-json\/wp\/v2\/media?parent=132194"}],"wp:term":[{"taxonomy":"category","embeddable":true,"href":"https:\/\/corrientesdetarde.com\/index.php\/wp-json\/wp\/v2\/categories?post=132194"},{"taxonomy":"post_tag","embeddable":true,"href":"https:\/\/corrientesdetarde.com\/index.php\/wp-json\/wp\/v2\/tags?post=132194"}],"curies":[{"name":"wp","href":"https:\/\/api.w.org\/{rel}","templated":true}]}}