{"id":132222,"date":"2024-03-12T22:23:13","date_gmt":"2024-03-13T01:23:13","guid":{"rendered":"https:\/\/corrientesdetarde.com\/?p=132222"},"modified":"2024-03-12T22:23:25","modified_gmt":"2024-03-13T01:23:25","slug":"milei-recibio-a-la-conferencia-episcopal-los-obispos-le-manifestaron-su-preocupacion-por-la-situacion-economica","status":"publish","type":"post","link":"https:\/\/corrientesdetarde.com\/index.php\/politica\/milei-recibio-a-la-conferencia-episcopal-los-obispos-le-manifestaron-su-preocupacion-por-la-situacion-economica\/","title":{"rendered":"Milei recibi\u00f3 a la Conferencia Episcopal: los obispos le manifestaron su \u201cpreocupaci\u00f3n\u201d por la situaci\u00f3n econ\u00f3mica"},"content":{"rendered":"\n<p>La comitiva de la Iglesia le transmiti\u00f3 su &#8220;inquietud especial&#8221; respecto de la \u201ccontenci\u00f3n\u201d de los \u201csectores vulnerables que sufren la falta de alimento y medicamentos\u201d.<\/p>\n\n\n\n<p>El presidente&nbsp;<strong>Javier Milei&nbsp;<\/strong>recibi\u00f3 hoy en Casa Rosada a la Comisi\u00f3n Ejecutiva de la Conferencia Episcopal Argentina, quienes&nbsp;le manifestaron al jefe de Estado su&nbsp;<strong>\u201cpreocupaci\u00f3n\u201d por la \u201csituaci\u00f3n econ\u00f3mica\u201d que atraviesa el pa\u00eds<\/strong>.&nbsp;<\/p>\n\n\n\n<p>La comitiva de la Iglesia, que encabez\u00f3&nbsp;monse\u00f1or&nbsp;<strong>Oscar Ojea<\/strong>, le transmiti\u00f3 al Gobierno nacional&nbsp;<strong>su \u201cinquietud especial\u201d en lo que tiene que ver con la \u201ccontenci\u00f3n\u201d de los \u201csectores vulnerables que sufren, principalmente, la falta de alimento y medicamentos<\/strong>\u201d.<\/p>\n\n\n\n<p>A su vez, en nombre de la Comisi\u00f3n Permanente que se encuentra en estos d\u00edas en su 196\u00ba reuni\u00f3n, los eclesi\u00e1sticos llevaron las preocupaciones de los obispos de las distintas provincias del pa\u00eds por la \u201csituaci\u00f3n que se vive\u201d.<\/p>\n\n\n\n<p>Por parte del Gobierno, estuvieron presentes la ministra de Relaciones Exteriores y Culto,&nbsp;<strong>Diana Mondino,<\/strong>&nbsp;la ministra de Capital Humano,&nbsp;<strong>Sandra Pettovello,<\/strong>&nbsp;y el secretario de Culto,&nbsp;<strong>Francisco S\u00e1nchez.<\/strong><\/p>\n\n\n\n<p>Adem\u00e1s de Ojea, la Comisi\u00f3n que visit\u00f3 al Presidente estuvo integrada por su&nbsp;<strong>vicepresidente 1\u00ba monse\u00f1or Marcelo Colombo, el vicepresidente 2\u00ba monse\u00f1or Carlos Azpiroz Costa y el secretario general monse\u00f1or Alberto Bochatey OSA.<\/strong><\/p>\n\n\n\n<p>Al finalizar la reuni\u00f3n, los obispos entregaron como obsequio al Presidente una edici\u00f3n del libro \u201cStatio Orbis\u201d, que narra la oraci\u00f3n del papa Francisco en la Plaza de San Pedro al comienzo de la pandemia y el mensaje para la Jornada Mundial de la Paz.<\/p>\n","protected":false},"excerpt":{"rendered":"<p>La comitiva de la Iglesia le transmiti\u00f3 su &#8220;inquietud especial&#8221; respecto de la \u201ccontenci\u00f3n\u201d de los \u201csectores vulnerables que sufren la falta de alimento y medicamentos\u201d. El presidente&nbsp;Javier Milei&nbsp;recibi\u00f3 hoy&hellip; <\/p>\n","protected":false},"author":4,"featured_media":132223,"comment_status":"closed","ping_status":"open","sticky":false,"template":"","format":"standard","meta":{"footnotes":""},"categories":[3],"tags":[],"class_list":["post-132222","post","type-post","status-publish","format-standard","has-post-thumbnail","hentry","category-politica"],"_links":{"self":[{"href":"https:\/\/corrientesdetarde.com\/index.php\/wp-json\/wp\/v2\/posts\/132222","targetHints":{"allow":["GET"]}}],"collection":[{"href":"https:\/\/corrientesdetarde.com\/index.php\/wp-json\/wp\/v2\/posts"}],"about":[{"href":"https:\/\/corrientesdetarde.com\/index.php\/wp-json\/wp\/v2\/types\/post"}],"author":[{"embeddable":true,"href":"https:\/\/corrientesdetarde.com\/index.php\/wp-json\/wp\/v2\/users\/4"}],"replies":[{"embeddable":true,"href":"https:\/\/corrientesdetarde.com\/index.php\/wp-json\/wp\/v2\/comments?post=132222"}],"version-history":[{"count":1,"href":"https:\/\/corrientesdetarde.com\/index.php\/wp-json\/wp\/v2\/posts\/132222\/revisions"}],"predecessor-version":[{"id":132224,"href":"https:\/\/corrientesdetarde.com\/index.php\/wp-json\/wp\/v2\/posts\/132222\/revisions\/132224"}],"wp:featuredmedia":[{"embeddable":true,"href":"https:\/\/corrientesdetarde.com\/index.php\/wp-json\/wp\/v2\/media\/132223"}],"wp:attachment":[{"href":"https:\/\/corrientesdetarde.com\/index.php\/wp-json\/wp\/v2\/media?parent=132222"}],"wp:term":[{"taxonomy":"category","embeddable":true,"href":"https:\/\/corrientesdetarde.com\/index.php\/wp-json\/wp\/v2\/categories?post=132222"},{"taxonomy":"post_tag","embeddable":true,"href":"https:\/\/corrientesdetarde.com\/index.php\/wp-json\/wp\/v2\/tags?post=132222"}],"curies":[{"name":"wp","href":"https:\/\/api.w.org\/{rel}","templated":true}]}}