{"id":132237,"date":"2024-03-12T23:00:24","date_gmt":"2024-03-13T02:00:24","guid":{"rendered":"https:\/\/corrientesdetarde.com\/?p=132237"},"modified":"2024-03-12T23:01:36","modified_gmt":"2024-03-13T02:01:36","slug":"el-senado-convocado-para-debatir-el-polemico-dnu-de-milei","status":"publish","type":"post","link":"https:\/\/corrientesdetarde.com\/index.php\/politica\/el-senado-convocado-para-debatir-el-polemico-dnu-de-milei\/","title":{"rendered":"El Senado convocado para debatir el pol\u00e9mico DNU de Milei"},"content":{"rendered":"\n<p>(Pablo Roma, Congreso Nacional) &#8211; Victoria Villarruel, vicepresidenta del Senado, ha anunciado una sesi\u00f3n especial para el pr\u00f3ximo jueves a las 11 de la ma\u00f1ana, donde se abordar\u00e1 el controvertido DNU de reforma del Estado propuesto por el presidente Javier Milei.<\/p>\n\n\n\n<p>El Decreto de Necesidad y Urgencia 70\/2023, emitido por Milei el pasado 20 de diciembre, finalmente ser\u00e1 discutido en el Senado esta semana despu\u00e9s de tres meses de demora tanto por parte del oficialismo como de los aliados de la oposici\u00f3n. La noticia fue confirmada por fuentes del Congreso al portal C5N.com y tambi\u00e9n por la agencia Noticias Argentinas.<\/p>\n\n\n\n<p>Villarruel hab\u00eda esquivado solicitudes formales de varios bloques, incluido Uni\u00f3n por la Patria liderado por Jos\u00e9 Mayans, para llevar el DNU al Senado, pero recientemente se ha conocido que el decreto pronto ser\u00e1 tratado en la c\u00e1mara alta.<\/p>\n\n\n\n<p>El oficialismo enfrenta un panorama desafiante en el Senado, ya que no cuenta con los votos necesarios para aprobar el DNU, lo que sugiere que podr\u00eda ser rechazado por los bloques de oposici\u00f3n. En caso de ser rechazado, el DNU seguir\u00e1 siendo v\u00e1lido hasta que se pronuncie la C\u00e1mara de Diputados.<\/p>\n\n\n\n<p>Adem\u00e1s del DNU de Milei, se someter\u00e1n a votaci\u00f3n otros proyectos pendientes del 2023, incluidos acuerdos internacionales y modificaciones al C\u00f3digo Penal relacionadas con delitos financieros.<\/p>\n\n\n\n<p>El ministro del Interior, Guillermo Francos, ha sorprendido al expresar que el presidente Milei puede gobernar sin el DNU y otras legislaciones fundamentales en esta etapa de su mandato, confiando en la reducci\u00f3n del gasto p\u00fablico y la ca\u00edda de la inflaci\u00f3n como indicadores que permitir\u00edan levantar restricciones econ\u00f3micas.<\/p>\n\n\n\n<div data-wp-interactive=\"core\/file\" class=\"wp-block-file\"><object data-wp-bind--hidden=\"!state.hasPdfPreview\" hidden class=\"wp-block-file__embed\" data=\"https:\/\/corrientesdetarde.com\/wp-content\/uploads\/2024\/03\/F1710284980_DPP-15.24.pdf\" type=\"application\/pdf\" style=\"width:100%;height:600px\" aria-label=\"Incrustado de F1710284980_DPP-15.24.\"><\/object><a id=\"wp-block-file--media-92465ab3-28e0-491e-9307-1e3a48ce97e4\" href=\"https:\/\/corrientesdetarde.com\/wp-content\/uploads\/2024\/03\/F1710284980_DPP-15.24.pdf\">F1710284980_DPP-15.24<\/a><a href=\"https:\/\/corrientesdetarde.com\/wp-content\/uploads\/2024\/03\/F1710284980_DPP-15.24.pdf\" class=\"wp-block-file__button wp-element-button\" download aria-describedby=\"wp-block-file--media-92465ab3-28e0-491e-9307-1e3a48ce97e4\">Descarga<\/a><\/div>\n","protected":false},"excerpt":{"rendered":"<p>(Pablo Roma, Congreso Nacional) &#8211; Victoria Villarruel, vicepresidenta del Senado, ha anunciado una sesi\u00f3n especial para el pr\u00f3ximo jueves a las 11 de la ma\u00f1ana, donde se abordar\u00e1 el controvertido&hellip; <\/p>\n","protected":false},"author":11,"featured_media":115076,"comment_status":"closed","ping_status":"open","sticky":false,"template":"","format":"standard","meta":{"footnotes":""},"categories":[26,3],"tags":[1058,93,1406],"class_list":["post-132237","post","type-post","status-publish","format-standard","has-post-thumbnail","hentry","category-destacados","category-politica","tag-dnu","tag-senado","tag-villarruel"],"_links":{"self":[{"href":"https:\/\/corrientesdetarde.com\/index.php\/wp-json\/wp\/v2\/posts\/132237","targetHints":{"allow":["GET"]}}],"collection":[{"href":"https:\/\/corrientesdetarde.com\/index.php\/wp-json\/wp\/v2\/posts"}],"about":[{"href":"https:\/\/corrientesdetarde.com\/index.php\/wp-json\/wp\/v2\/types\/post"}],"author":[{"embeddable":true,"href":"https:\/\/corrientesdetarde.com\/index.php\/wp-json\/wp\/v2\/users\/11"}],"replies":[{"embeddable":true,"href":"https:\/\/corrientesdetarde.com\/index.php\/wp-json\/wp\/v2\/comments?post=132237"}],"version-history":[{"count":2,"href":"https:\/\/corrientesdetarde.com\/index.php\/wp-json\/wp\/v2\/posts\/132237\/revisions"}],"predecessor-version":[{"id":132240,"href":"https:\/\/corrientesdetarde.com\/index.php\/wp-json\/wp\/v2\/posts\/132237\/revisions\/132240"}],"wp:featuredmedia":[{"embeddable":true,"href":"https:\/\/corrientesdetarde.com\/index.php\/wp-json\/wp\/v2\/media\/115076"}],"wp:attachment":[{"href":"https:\/\/corrientesdetarde.com\/index.php\/wp-json\/wp\/v2\/media?parent=132237"}],"wp:term":[{"taxonomy":"category","embeddable":true,"href":"https:\/\/corrientesdetarde.com\/index.php\/wp-json\/wp\/v2\/categories?post=132237"},{"taxonomy":"post_tag","embeddable":true,"href":"https:\/\/corrientesdetarde.com\/index.php\/wp-json\/wp\/v2\/tags?post=132237"}],"curies":[{"name":"wp","href":"https:\/\/api.w.org\/{rel}","templated":true}]}}