{"id":132247,"date":"2024-03-12T23:24:54","date_gmt":"2024-03-13T02:24:54","guid":{"rendered":"https:\/\/corrientesdetarde.com\/?p=132247"},"modified":"2024-03-12T23:25:07","modified_gmt":"2024-03-13T02:25:07","slug":"boca-con-fecha-confirmada-para-el-debut-en-la-copa-argentina","status":"publish","type":"post","link":"https:\/\/corrientesdetarde.com\/index.php\/deportes\/boca-con-fecha-confirmada-para-el-debut-en-la-copa-argentina\/","title":{"rendered":"Boca, con fecha confirmada para el debut en la Copa Argentina"},"content":{"rendered":"\n<p>El Xeneize se medir\u00e1 con Central Norte de Salta., aunque resta saber sede y horario.<\/p>\n\n\n\n<p><strong>La organizaci\u00f3n de la Copa Argentina confirm\u00f3 hoy que Boca debutar\u00e1 en la Copa Argentina el pr\u00f3ximo s\u00e1bado 23 de marzo<\/strong>&nbsp;con d\u00eda y sede a confirmar frente a&nbsp;<strong>Central Norte de Salta.<\/strong><\/p>\n\n\n\n<p>De esta manera, el encuentro se jugar\u00e1 durante la pr\u00f3xima fecha FIFA, por lo que el entrenador Diego Mart\u00ednez no podr\u00e1 contar con el lateral<strong>&nbsp;Luis Adv\u00edncula<\/strong>, convocado a la Selecci\u00f3n de Per\u00fa, ni con el marcador central&nbsp;<strong>Nicol\u00e1s Valentini<\/strong>, quien reemplaz\u00f3 a Marcos Senesi por lesi\u00f3n en la n\u00f3mina de Lionel Scaloni para los amistosos con El Salvador y Costa Rica.<\/p>\n\n\n\n<p>Adem\u00e1s, Independiente y Racing tambi\u00e9n conocieron cu\u00e1ndo tendr\u00e1n su primer duelo en el certamen:&nbsp;<strong>el &#8220;Rojo&#8221; se medir\u00e1 con Laferrere el viernes 22 a las 17:15 en el estadio de Lan\u00fas y la &#8220;Academia&#8221; har\u00e1 lo propio contra San Mart\u00edn de Burzaco un d\u00eda antes, el jueves 21, a las 20 en el Juan Carmelo Zerillo de Gimnasia y Esgrima La Plata.<\/strong><\/p>\n\n\n\n<p>Otros encuentros confirmados&nbsp;<strong>Atl\u00e9tico Tucum\u00e1n-Defensores de Belgrano<\/strong>&nbsp;(mi\u00e9rcoles 21\/3 a las 21:10);&nbsp;<strong>Defensa y Justicia-Atl\u00e9tico de Rafaela<\/strong>&nbsp;(21\/3 a las 17:45);<strong>&nbsp;Newell\u00b4s-Midland<\/strong>&nbsp;(22\/3 a las 15);&nbsp;<strong>Godoy Cruz-San Mart\u00edn de San Juan<\/strong>&nbsp;(25\/3 sin horario);&nbsp;<strong>Platense-Olimpo<\/strong>&nbsp;(25\/3 sin horario) e&nbsp;<strong>Independiente Rivadavia-Argentino de Quilmes<\/strong>&nbsp;(27\/3 sin horario).<\/p>\n","protected":false},"excerpt":{"rendered":"<p>El Xeneize se medir\u00e1 con Central Norte de Salta., aunque resta saber sede y horario. La organizaci\u00f3n de la Copa Argentina confirm\u00f3 hoy que Boca debutar\u00e1 en la Copa Argentina&hellip; <\/p>\n","protected":false},"author":4,"featured_media":132248,"comment_status":"closed","ping_status":"open","sticky":false,"template":"","format":"standard","meta":{"footnotes":""},"categories":[4],"tags":[],"class_list":["post-132247","post","type-post","status-publish","format-standard","has-post-thumbnail","hentry","category-deportes"],"_links":{"self":[{"href":"https:\/\/corrientesdetarde.com\/index.php\/wp-json\/wp\/v2\/posts\/132247","targetHints":{"allow":["GET"]}}],"collection":[{"href":"https:\/\/corrientesdetarde.com\/index.php\/wp-json\/wp\/v2\/posts"}],"about":[{"href":"https:\/\/corrientesdetarde.com\/index.php\/wp-json\/wp\/v2\/types\/post"}],"author":[{"embeddable":true,"href":"https:\/\/corrientesdetarde.com\/index.php\/wp-json\/wp\/v2\/users\/4"}],"replies":[{"embeddable":true,"href":"https:\/\/corrientesdetarde.com\/index.php\/wp-json\/wp\/v2\/comments?post=132247"}],"version-history":[{"count":1,"href":"https:\/\/corrientesdetarde.com\/index.php\/wp-json\/wp\/v2\/posts\/132247\/revisions"}],"predecessor-version":[{"id":132249,"href":"https:\/\/corrientesdetarde.com\/index.php\/wp-json\/wp\/v2\/posts\/132247\/revisions\/132249"}],"wp:featuredmedia":[{"embeddable":true,"href":"https:\/\/corrientesdetarde.com\/index.php\/wp-json\/wp\/v2\/media\/132248"}],"wp:attachment":[{"href":"https:\/\/corrientesdetarde.com\/index.php\/wp-json\/wp\/v2\/media?parent=132247"}],"wp:term":[{"taxonomy":"category","embeddable":true,"href":"https:\/\/corrientesdetarde.com\/index.php\/wp-json\/wp\/v2\/categories?post=132247"},{"taxonomy":"post_tag","embeddable":true,"href":"https:\/\/corrientesdetarde.com\/index.php\/wp-json\/wp\/v2\/tags?post=132247"}],"curies":[{"name":"wp","href":"https:\/\/api.w.org\/{rel}","templated":true}]}}