{"id":132250,"date":"2024-03-12T23:26:28","date_gmt":"2024-03-13T02:26:28","guid":{"rendered":"https:\/\/corrientesdetarde.com\/?p=132250"},"modified":"2024-03-12T23:26:40","modified_gmt":"2024-03-13T02:26:40","slug":"otamendi-le-cerro-la-puerta-a-la-chance-de-jugar-en-river-se-me-hace-cada-vez-mas-dificil-volver-a-la-argentina","status":"publish","type":"post","link":"https:\/\/corrientesdetarde.com\/index.php\/deportes\/otamendi-le-cerro-la-puerta-a-la-chance-de-jugar-en-river-se-me-hace-cada-vez-mas-dificil-volver-a-la-argentina\/","title":{"rendered":"\u00bfOtamendi le cerr\u00f3 la puerta a la chance de jugar en River? &#8220;Se me hace cada vez m\u00e1s dif\u00edcil volver a la Argentina&#8221;"},"content":{"rendered":"\n<p>El defensor sostuvo que &#8220;el pa\u00eds no est\u00e1 en un buen momento&#8221; y \u00e9l se encuentra &#8220;muy bien&#8221; en el Benfica de Portugal.<\/p>\n\n\n\n<p><strong>El defensor Nicol\u00e1s Otamendi asegur\u00f3 que se le &#8220;hace cada vez m\u00e1s dif\u00edcil volver a la Argentina&#8221; para jugar en River&nbsp;<\/strong>debido a que &#8220;el pa\u00eds no est\u00e1 en un buen momento&#8221; y \u00e9l se encuentra &#8220;muy bien&#8221; en el Benfica de Portugal.<\/p>\n\n\n\n<p><strong>&#8220;Ac\u00e1 en Benfica estoy muy bien. El club me lo hace ver y estoy muy c\u00f3modo&#8221;<\/strong>, expres\u00f3 el marcador central campe\u00f3n del mundo en Qatar 2022 con la Selecci\u00f3n argentina.<\/p>\n\n\n\n<p>Y agreg\u00f3:&nbsp;<strong>&#8220;Yo soy hincha de River desde muy chiquito y mi fanatismo es muy lindo, pero trato de vivir el d\u00eda a d\u00eda. Mi familia est\u00e1 muy c\u00f3moda&#8221;.<\/strong><\/p>\n\n\n\n<p>En esa l\u00ednea, continu\u00f3:&nbsp;<strong>&#8220;Mis hijos llevan much\u00edsimos a\u00f1os ac\u00e1 y se me hace cada vez m\u00e1s dif\u00edcil volver a la Argentina. El pa\u00eds no est\u00e1 en un buen momento. Me encantar\u00eda estar cerca de mis padres, hermanos y amigos, pero la situaci\u00f3n es complicada&#8221;.<\/strong><\/p>\n\n\n\n<p>De esta manera, Otamendi pr\u00e1cticamente le cerr\u00f3 la puerta a la chance de vestir la camiseta del &#8220;Millonario&#8221; pese a las idas y vueltas en mercados de pases anteriores, en las que incluso lleg\u00f3 a recibir la invitaci\u00f3n del entrenador&nbsp;<strong>Mart\u00edn Demichelis.<\/strong><\/p>\n","protected":false},"excerpt":{"rendered":"<p>El defensor sostuvo que &#8220;el pa\u00eds no est\u00e1 en un buen momento&#8221; y \u00e9l se encuentra &#8220;muy bien&#8221; en el Benfica de Portugal. El defensor Nicol\u00e1s Otamendi asegur\u00f3 que se&hellip; <\/p>\n","protected":false},"author":4,"featured_media":132251,"comment_status":"closed","ping_status":"open","sticky":false,"template":"","format":"standard","meta":{"footnotes":""},"categories":[4],"tags":[],"class_list":["post-132250","post","type-post","status-publish","format-standard","has-post-thumbnail","hentry","category-deportes"],"_links":{"self":[{"href":"https:\/\/corrientesdetarde.com\/index.php\/wp-json\/wp\/v2\/posts\/132250","targetHints":{"allow":["GET"]}}],"collection":[{"href":"https:\/\/corrientesdetarde.com\/index.php\/wp-json\/wp\/v2\/posts"}],"about":[{"href":"https:\/\/corrientesdetarde.com\/index.php\/wp-json\/wp\/v2\/types\/post"}],"author":[{"embeddable":true,"href":"https:\/\/corrientesdetarde.com\/index.php\/wp-json\/wp\/v2\/users\/4"}],"replies":[{"embeddable":true,"href":"https:\/\/corrientesdetarde.com\/index.php\/wp-json\/wp\/v2\/comments?post=132250"}],"version-history":[{"count":1,"href":"https:\/\/corrientesdetarde.com\/index.php\/wp-json\/wp\/v2\/posts\/132250\/revisions"}],"predecessor-version":[{"id":132252,"href":"https:\/\/corrientesdetarde.com\/index.php\/wp-json\/wp\/v2\/posts\/132250\/revisions\/132252"}],"wp:featuredmedia":[{"embeddable":true,"href":"https:\/\/corrientesdetarde.com\/index.php\/wp-json\/wp\/v2\/media\/132251"}],"wp:attachment":[{"href":"https:\/\/corrientesdetarde.com\/index.php\/wp-json\/wp\/v2\/media?parent=132250"}],"wp:term":[{"taxonomy":"category","embeddable":true,"href":"https:\/\/corrientesdetarde.com\/index.php\/wp-json\/wp\/v2\/categories?post=132250"},{"taxonomy":"post_tag","embeddable":true,"href":"https:\/\/corrientesdetarde.com\/index.php\/wp-json\/wp\/v2\/tags?post=132250"}],"curies":[{"name":"wp","href":"https:\/\/api.w.org\/{rel}","templated":true}]}}