{"id":132297,"date":"2024-03-13T09:22:05","date_gmt":"2024-03-13T12:22:05","guid":{"rendered":"https:\/\/corrientesdetarde.com\/?p=132297"},"modified":"2024-03-13T09:22:17","modified_gmt":"2024-03-13T12:22:17","slug":"murio-el-periodista-y-escritor-jorge-dorio","status":"publish","type":"post","link":"https:\/\/corrientesdetarde.com\/index.php\/espectaculos\/murio-el-periodista-y-escritor-jorge-dorio\/","title":{"rendered":"Muri\u00f3 el periodista y escritor Jorge Dorio"},"content":{"rendered":"\n<h2 class=\"wp-block-heading\">Ten\u00eda 65 a\u00f1os y una larga trayectoria en los medios. Fue uno de los presentadores del programa \u201c678\u2033.<\/h2>\n\n\n\n<p>El escritor y periodista&nbsp;<strong>Jorge Dorio&nbsp;<\/strong>muri\u00f3 a los 65 a\u00f1os tras sufrir un infarto de manera sorpresiva. Varios de sus excompa\u00f1eros de Radio Provincia confirmaron la triste noticia en las redes.<\/p>\n\n\n\n<p><strong>\u201cSe fue Jorge Dorio.&nbsp;<\/strong>El hombre que junto a Mart\u00edn Caparr\u00f3s conduc\u00eda&nbsp;<em>El Monitor Argentino<\/em>, un programa que hizo historia por inventar la biograf\u00eda de un escritor ap\u00f3crifo, Jos\u00e9 Balbastro, y la gente sali\u00f3 a pedir sus libros. Tambien fuimos compa\u00f1eros en Radio Provincia\u201d, escribi\u00f3 Alejandro Bidart en Twitter, periodista de esa radio.<\/p>\n\n\n\n<p><strong>Jorge Dorio era periodista, escritor y poeta.&nbsp;<\/strong>Durante a\u00f1os, trabaj\u00f3 como columnista del m\u00edtico ciclo radial La venganza ser\u00e1 terrible, conducido por Alejandro Dolina. Desde ese lugar, su figura creci\u00f3 hasta hacerse cada vez m\u00e1s popular.<\/p>\n","protected":false},"excerpt":{"rendered":"<p>Ten\u00eda 65 a\u00f1os y una larga trayectoria en los medios. Fue uno de los presentadores del programa \u201c678\u2033. El escritor y periodista&nbsp;Jorge Dorio&nbsp;muri\u00f3 a los 65 a\u00f1os tras sufrir un&hellip; <\/p>\n","protected":false},"author":12,"featured_media":132298,"comment_status":"closed","ping_status":"open","sticky":false,"template":"","format":"standard","meta":{"footnotes":""},"categories":[19],"tags":[],"class_list":["post-132297","post","type-post","status-publish","format-standard","has-post-thumbnail","hentry","category-espectaculos"],"_links":{"self":[{"href":"https:\/\/corrientesdetarde.com\/index.php\/wp-json\/wp\/v2\/posts\/132297","targetHints":{"allow":["GET"]}}],"collection":[{"href":"https:\/\/corrientesdetarde.com\/index.php\/wp-json\/wp\/v2\/posts"}],"about":[{"href":"https:\/\/corrientesdetarde.com\/index.php\/wp-json\/wp\/v2\/types\/post"}],"author":[{"embeddable":true,"href":"https:\/\/corrientesdetarde.com\/index.php\/wp-json\/wp\/v2\/users\/12"}],"replies":[{"embeddable":true,"href":"https:\/\/corrientesdetarde.com\/index.php\/wp-json\/wp\/v2\/comments?post=132297"}],"version-history":[{"count":1,"href":"https:\/\/corrientesdetarde.com\/index.php\/wp-json\/wp\/v2\/posts\/132297\/revisions"}],"predecessor-version":[{"id":132299,"href":"https:\/\/corrientesdetarde.com\/index.php\/wp-json\/wp\/v2\/posts\/132297\/revisions\/132299"}],"wp:featuredmedia":[{"embeddable":true,"href":"https:\/\/corrientesdetarde.com\/index.php\/wp-json\/wp\/v2\/media\/132298"}],"wp:attachment":[{"href":"https:\/\/corrientesdetarde.com\/index.php\/wp-json\/wp\/v2\/media?parent=132297"}],"wp:term":[{"taxonomy":"category","embeddable":true,"href":"https:\/\/corrientesdetarde.com\/index.php\/wp-json\/wp\/v2\/categories?post=132297"},{"taxonomy":"post_tag","embeddable":true,"href":"https:\/\/corrientesdetarde.com\/index.php\/wp-json\/wp\/v2\/tags?post=132297"}],"curies":[{"name":"wp","href":"https:\/\/api.w.org\/{rel}","templated":true}]}}