{"id":132370,"date":"2024-03-13T11:58:20","date_gmt":"2024-03-13T14:58:20","guid":{"rendered":"https:\/\/corrientesdetarde.com\/?p=132370"},"modified":"2024-03-13T11:58:26","modified_gmt":"2024-03-13T14:58:26","slug":"murio-el-ex-fiscal-oscar-resoagli","status":"publish","type":"post","link":"https:\/\/corrientesdetarde.com\/index.php\/sociales\/murio-el-ex-fiscal-oscar-resoagli\/","title":{"rendered":"Muri\u00f3 el ex fiscal Oscar Resoagli"},"content":{"rendered":"\n<p>Muri\u00f3 este mi\u00e9rcoles el ex fiscal federal Oscar Resoagli, informaron fuentes oficiales.&nbsp;<\/p>\n\n\n\n<p>Seg\u00fan detallaron, Resoagli se encontraba internado en el Hospital de Campa\u00f1a con diagn\u00f3stico de dengue, pero con una enfermedad de base.&nbsp;<\/p>\n\n\n\n<p>El ex fiscal fue reconocido por llevar adelante la la investigaci\u00f3n y acusaci\u00f3n en el secuestro de Cristian Schaerer.<\/p>\n\n\n\n<p>En una de sus \u00faltimas declaraciones, el ex fiscal hab\u00eda indicado:&nbsp;&#8220;Desde que me jubil\u00e9 la causa de Cristian se paraliz\u00f3. Todas las fuerzas de la provincia de Buenos Aires ten\u00edamos informaci\u00f3n de que Lohrman era una mano de obra desocupada de la \u00e9poca de la dictadura y que trabajaba para los servicios de inteligencia. Tiene sentido pensar que pasaron 14 a\u00f1os y nunca lo encontraron&#8221;.<\/p>\n","protected":false},"excerpt":{"rendered":"<p>Muri\u00f3 este mi\u00e9rcoles el ex fiscal federal Oscar Resoagli, informaron fuentes oficiales.&nbsp; Seg\u00fan detallaron, Resoagli se encontraba internado en el Hospital de Campa\u00f1a con diagn\u00f3stico de dengue, pero con una&hellip; <\/p>\n","protected":false},"author":1,"featured_media":132371,"comment_status":"closed","ping_status":"open","sticky":false,"template":"","format":"standard","meta":{"footnotes":""},"categories":[17],"tags":[],"class_list":["post-132370","post","type-post","status-publish","format-standard","has-post-thumbnail","hentry","category-sociales"],"_links":{"self":[{"href":"https:\/\/corrientesdetarde.com\/index.php\/wp-json\/wp\/v2\/posts\/132370","targetHints":{"allow":["GET"]}}],"collection":[{"href":"https:\/\/corrientesdetarde.com\/index.php\/wp-json\/wp\/v2\/posts"}],"about":[{"href":"https:\/\/corrientesdetarde.com\/index.php\/wp-json\/wp\/v2\/types\/post"}],"author":[{"embeddable":true,"href":"https:\/\/corrientesdetarde.com\/index.php\/wp-json\/wp\/v2\/users\/1"}],"replies":[{"embeddable":true,"href":"https:\/\/corrientesdetarde.com\/index.php\/wp-json\/wp\/v2\/comments?post=132370"}],"version-history":[{"count":1,"href":"https:\/\/corrientesdetarde.com\/index.php\/wp-json\/wp\/v2\/posts\/132370\/revisions"}],"predecessor-version":[{"id":132372,"href":"https:\/\/corrientesdetarde.com\/index.php\/wp-json\/wp\/v2\/posts\/132370\/revisions\/132372"}],"wp:featuredmedia":[{"embeddable":true,"href":"https:\/\/corrientesdetarde.com\/index.php\/wp-json\/wp\/v2\/media\/132371"}],"wp:attachment":[{"href":"https:\/\/corrientesdetarde.com\/index.php\/wp-json\/wp\/v2\/media?parent=132370"}],"wp:term":[{"taxonomy":"category","embeddable":true,"href":"https:\/\/corrientesdetarde.com\/index.php\/wp-json\/wp\/v2\/categories?post=132370"},{"taxonomy":"post_tag","embeddable":true,"href":"https:\/\/corrientesdetarde.com\/index.php\/wp-json\/wp\/v2\/tags?post=132370"}],"curies":[{"name":"wp","href":"https:\/\/api.w.org\/{rel}","templated":true}]}}