{"id":132373,"date":"2024-03-13T11:59:55","date_gmt":"2024-03-13T14:59:55","guid":{"rendered":"https:\/\/corrientesdetarde.com\/?p=132373"},"modified":"2024-03-13T12:00:07","modified_gmt":"2024-03-13T15:00:07","slug":"cristo-redentor-de-los-andes-se-cumplen-120-anos-de-su-inauguracion","status":"publish","type":"post","link":"https:\/\/corrientesdetarde.com\/index.php\/informacion-general\/cristo-redentor-de-los-andes-se-cumplen-120-anos-de-su-inauguracion\/","title":{"rendered":"Cristo Redentor de los Andes: se cumplen 120 a\u00f1os de su inauguraci\u00f3n"},"content":{"rendered":"\n<p>Uno de los monumentos m\u00e1s hist\u00f3ricos, llamativos y emblem\u00e1ticos de&nbsp;<strong>Argentina<\/strong>, es el&nbsp;<strong>Cristo Redentor de los Andes<\/strong>, que se encuentra sobre el l\u00edmite internacional que comparte la naci\u00f3n mencionada con&nbsp;<strong>Chile<\/strong>, en la&nbsp;<strong>Cordillera de los Andes.&nbsp;<\/strong><\/p>\n\n\n\n<p>Su historia comienza durante los primeros a\u00f1os del siglo XX, luego de que los pa\u00edses atravesaran un duro periodo de&nbsp;<strong>disputas territoriales<\/strong>, que podr\u00eda haber terminado en un conflicto b\u00e9lico.&nbsp;<\/p>\n\n\n\n<p>Pero, por fortuna,&nbsp;<strong>Argentina<\/strong>&nbsp;y&nbsp;<strong>Chile<\/strong>&nbsp;nunca entraron en guerra. De esta manera, se inaugur\u00f3 el&nbsp;<strong>Cristo Redentor de los Andes<\/strong>, que identifica la paz y la buena relaci\u00f3n entre ambas naciones.&nbsp;<\/p>\n\n\n\n<h2 class=\"wp-block-heading\">\u00bfCu\u00e1l es la historia del Cristo Redentor de los Andes?&nbsp;<\/h2>\n\n\n\n<figure class=\"wp-block-image\"><img decoding=\"async\" src=\"https:\/\/billiken.lat\/wp-content\/uploads\/2024\/03\/Inaguracio%CC%81n_Cristo_Redentor_de_Los_Andes.jpeg\" alt=\"Inauguraci\u00f3n del Cristo Redentor de los Andes.\" class=\"wp-image-77444\"\/><\/figure>\n\n\n\n<p>Tras las discusiones sobre cu\u00e1les eran los l\u00edmites internacionales de&nbsp;<strong>Argentina<\/strong>&nbsp;y&nbsp;<strong>Chile<\/strong>, los presidentes de ambos pa\u00edses se reunieron en el&nbsp;<strong>Estrecho de Magallanes<\/strong>&nbsp;y lograron, con un abrazo hist\u00f3rico, la finalizaci\u00f3n del conflicto, el&nbsp;<strong>15 de septiembre de 1899.&nbsp;<\/strong><\/p>\n\n\n\n<p>En simult\u00e1neo, el dominico y obispo de<strong>&nbsp;San Juan de Cuyo<\/strong>, monse\u00f1or&nbsp;<strong>Marcolino del Carmelo Benavente<\/strong>, motiv\u00f3 la construcci\u00f3n de un&nbsp;<strong>Cristo Redentor&nbsp;<\/strong>para representar la uni\u00f3n de paz lograda, que ya hab\u00eda sido solicitada con anterioridad por el&nbsp;<strong>papa Le\u00f3n XIII.&nbsp;<\/strong><\/p>\n\n\n\n<p>R\u00e1pidamente, el escultor argentino&nbsp;<strong>Mateo Alonso s<\/strong>e encarg\u00f3 de dise\u00f1ar, con<strong>&nbsp;bronce de ca\u00f1ones antiguos<\/strong>, esta pieza de arte, que durante sus primeros a\u00f1os permaneci\u00f3 en el<strong>&nbsp;colegio Lacordaire de Buenos Aires.&nbsp;<\/strong><\/p>\n\n\n\n<p>Sucede que, aunque el plan original era instalarla en la Cordillera de los Andes, con el correr de los a\u00f1os y tras la firma de los&nbsp;<strong>Pactos de Mayo<\/strong>, en&nbsp;<strong>1902<\/strong>, el proyecto hab\u00eda quedado en el olvido.<\/p>\n\n\n\n<p>Por fortuna, en el colegio Lacordaire se reun\u00edan las integrantes de la&nbsp;<strong>Asociaci\u00f3n de Madres Cristianas&nbsp;<\/strong>que, por iniciativa de su presidenta,&nbsp;<strong>\u00c1ngela de Oliveira C\u00e9zar de Costa<\/strong>, impulsaron el traslado del Cristo Redentor a su ubicaci\u00f3n actual.&nbsp;<\/p>\n\n\n\n<h2 class=\"wp-block-heading\">\u00bfC\u00f3mo se traslad\u00f3 esta obra de arte a la Cordillera de los Andes?&nbsp;<\/h2>\n\n\n\n<figure class=\"wp-block-image\"><img decoding=\"async\" src=\"https:\/\/billiken.lat\/wp-content\/uploads\/2024\/03\/960px-Monumento_al_Cristo_Redentor_de_los_Andes_rw.jpeg\" alt=\"Vistas panor\u00e1micas desde el Cristo Redentor de los Andes.\" class=\"wp-image-77446\"\/><\/figure>\n\n\n\n<p>El Cristo Redentor de los Andes mide<strong>&nbsp;7 metros de altura&nbsp;<\/strong>y pesa, aproximadamente,<strong>&nbsp;4 toneladas.<\/strong>&nbsp;Por lo tanto, trasladarlo, a comienzos del siglo XX, de&nbsp;<strong>Buenos Aires&nbsp;<\/strong>a&nbsp;<strong>Mendoza<\/strong>, fue un gran desaf\u00edo.&nbsp;<\/p>\n\n\n\n<p>Tras realizar un plan de viaje, la escultura se carg\u00f3 en un&nbsp;<strong>tren<\/strong>, que cruz\u00f3 el pa\u00eds a lo ancho y lleg\u00f3 hasta la peque\u00f1a localidad mendocina de&nbsp;<strong>Las Cuevas.&nbsp;<\/strong>Desde all\u00ed, la traves\u00eda se complet\u00f3 con ayuda de&nbsp;<strong>mulas<\/strong>, que se desplazaron&nbsp;<strong>8,5 kil\u00f3metros&nbsp;<\/strong>hasta el l\u00edmite internacional, a&nbsp;<strong>3.854 metros sobre el nivel del mar.&nbsp;<\/strong><\/p>\n\n\n\n<p>Acto seguido, en este remoto punto de la Cordillera de los Andes se organiz\u00f3 la inauguraci\u00f3n del Cristo, el&nbsp;<strong>13 de marzo de 1904.<\/strong>&nbsp;La ceremonia tuvo m\u00e1s de&nbsp;<strong>3.000 invitados<\/strong>&nbsp;y culmin\u00f3 con un hist\u00f3rico homenaje, liderado por tropas de ambas naciones.&nbsp;<\/p>\n\n\n\n<p>En otras palabras, las&nbsp;<strong>tropas argentinas<\/strong>&nbsp;cruzaron la frontera y, en suelo chileno, entonaron el himno del pa\u00eds vecino. Minutos despu\u00e9s, las&nbsp;<strong>tropas chilenas<\/strong>&nbsp;se posicionaron en territorio argentino y cantaron nuestro Himno Nacional.<\/p>\n\n\n\n<h2 class=\"wp-block-heading\">\u00bfCu\u00e1les son las caracter\u00edsticas m\u00e1s llamativas de la escultura?&nbsp;<\/h2>\n\n\n\n<figure class=\"wp-block-image\"><img decoding=\"async\" src=\"https:\/\/billiken.lat\/wp-content\/uploads\/2024\/03\/960px-Rally_Dakar_2009_Cristo_Redentor_cordillera_de_los_Andes.jpg\" alt=\"El Rally Dakar, en su paso por el Cristo Redentor de los Andes.\" class=\"wp-image-77447\"\/><\/figure>\n\n\n\n<p>Adem\u00e1s de las mencionadas en p\u00e1rrafos anteriores, el Cristo Redentor de los Andes, que hoy, 13 de marzo de 2024, cumple<strong>&nbsp;120 a\u00f1os<\/strong>&nbsp;en la cordillera, est\u00e1 repleto de&nbsp;<strong>caracter\u00edsticas llamativas.&nbsp;<\/strong><\/p>\n\n\n\n<p>Por lo tanto, antes de organizar un viaje rumbo al l\u00edmite internacional entre&nbsp;<strong>Argentina<\/strong>&nbsp;y&nbsp;<strong>Chile<\/strong>, con el objetivo de conocer esta obra de arte en persona, hay que recordar que:&nbsp;<\/p>\n\n\n\n<ul class=\"wp-block-list\">\n<li>Se posiciona sobre un pedestal de 6 metros de altura, construido con hormig\u00f3n y acero laminado, por el ingeniero mendocino Juan Molina Civit.&nbsp;<\/li>\n\n\n\n<li>Debajo de la imagen del Cristo Redentor, hay un altorrelieve que representa la figura de dos damas con t\u00fanicas, que se abrazan. Esto simboliza la uni\u00f3n de ambos pa\u00edses.&nbsp;<\/li>\n\n\n\n<li>Es un Bien del Patrimonio Cultural de la Provincia de Mendoza desde el 20 de marzo de 2000.&nbsp;<\/li>\n\n\n\n<li>Es un Monumento Hist\u00f3rico Nacional y Patrimonio Cultural de la Naci\u00f3n desde el 4 de diciembre de 2003.&nbsp;<\/li>\n<\/ul>\n\n\n\n<h2 class=\"wp-block-heading\">\u00bfEn qu\u00e9 lugar de la cordillera se encuentra el Cristo Redentor de los Andes?&nbsp;<\/h2>\n\n\n\n<figure class=\"wp-block-image\"><img decoding=\"async\" src=\"https:\/\/billiken.lat\/wp-content\/uploads\/2024\/03\/960px-Monumento_Cristo_Redentor_y_edificaciones.jpg\" alt=\"Sector de la cordillera donde est\u00e1 el Cristo Redentor de los Andes.\" class=\"wp-image-77445\"\/><\/figure>\n\n\n\n<p>En la \u00e9poca que se inaugur\u00f3 el&nbsp;<strong>Cristo Redentor de los Andes<\/strong>, este era uno de los pocos cruces internacionales disponibles sobre la cordillera, entre Argentina y Chile.&nbsp;<\/p>\n\n\n\n<p>Es por eso que la zona, conocida como&nbsp;<strong>paso de Uspallata&nbsp;<\/strong>o&nbsp;<strong>paso de la Cumbre<\/strong>, era visitada por viajeros que se desplazaban en antiguos veh\u00edculos o en el&nbsp;<strong>Ferrocarril Transandino<\/strong>, que uni\u00f3 ambos pa\u00edses entre 1909 y 1984.<\/p>\n\n\n\n<p>Actualmente, este cruce internacional no recibe trenes ni tampoco al mayor caudal de conductores que viajan sobre la Cordillera de los Andes, pero permanece abierto y es muy visitado por&nbsp;<strong>turistas<\/strong>&nbsp;de todo el mundo.&nbsp;<\/p>\n\n\n\n<p>Quienes deseen conocer el paso de Uspallata y al Cristo Redentor de los Andes desde&nbsp;<strong>Argentina<\/strong>, deber\u00e1n viajar hasta la localidad de&nbsp;<strong>Las Cuevas<\/strong>&nbsp;por la<strong>&nbsp;Ruta Nacional 7<\/strong>&nbsp;y alcanzar el monumento por un camino de monta\u00f1a.&nbsp;<\/p>\n\n\n\n<p>Finalmente, aquellos aventureros que desean hacer la misma traves\u00eda desde&nbsp;<strong>Chile<\/strong>, la \u00fanica alternativa es viajar por la<strong>&nbsp;Ruta 60<\/strong>&nbsp;hasta su intersecci\u00f3n con la&nbsp;<strong>Ruta E-773<\/strong>, que la une con la hist\u00f3rica escultura.&nbsp;<\/p>\n","protected":false},"excerpt":{"rendered":"<p>Uno de los monumentos m\u00e1s hist\u00f3ricos, llamativos y emblem\u00e1ticos de&nbsp;Argentina, es el&nbsp;Cristo Redentor de los Andes, que se encuentra sobre el l\u00edmite internacional que comparte la naci\u00f3n mencionada con&nbsp;Chile, en&hellip; <\/p>\n","protected":false},"author":1,"featured_media":132374,"comment_status":"closed","ping_status":"open","sticky":false,"template":"","format":"standard","meta":{"footnotes":""},"categories":[1],"tags":[],"class_list":["post-132373","post","type-post","status-publish","format-standard","has-post-thumbnail","hentry","category-informacion-general"],"_links":{"self":[{"href":"https:\/\/corrientesdetarde.com\/index.php\/wp-json\/wp\/v2\/posts\/132373","targetHints":{"allow":["GET"]}}],"collection":[{"href":"https:\/\/corrientesdetarde.com\/index.php\/wp-json\/wp\/v2\/posts"}],"about":[{"href":"https:\/\/corrientesdetarde.com\/index.php\/wp-json\/wp\/v2\/types\/post"}],"author":[{"embeddable":true,"href":"https:\/\/corrientesdetarde.com\/index.php\/wp-json\/wp\/v2\/users\/1"}],"replies":[{"embeddable":true,"href":"https:\/\/corrientesdetarde.com\/index.php\/wp-json\/wp\/v2\/comments?post=132373"}],"version-history":[{"count":1,"href":"https:\/\/corrientesdetarde.com\/index.php\/wp-json\/wp\/v2\/posts\/132373\/revisions"}],"predecessor-version":[{"id":132375,"href":"https:\/\/corrientesdetarde.com\/index.php\/wp-json\/wp\/v2\/posts\/132373\/revisions\/132375"}],"wp:featuredmedia":[{"embeddable":true,"href":"https:\/\/corrientesdetarde.com\/index.php\/wp-json\/wp\/v2\/media\/132374"}],"wp:attachment":[{"href":"https:\/\/corrientesdetarde.com\/index.php\/wp-json\/wp\/v2\/media?parent=132373"}],"wp:term":[{"taxonomy":"category","embeddable":true,"href":"https:\/\/corrientesdetarde.com\/index.php\/wp-json\/wp\/v2\/categories?post=132373"},{"taxonomy":"post_tag","embeddable":true,"href":"https:\/\/corrientesdetarde.com\/index.php\/wp-json\/wp\/v2\/tags?post=132373"}],"curies":[{"name":"wp","href":"https:\/\/api.w.org\/{rel}","templated":true}]}}