{"id":132376,"date":"2024-03-13T12:34:54","date_gmt":"2024-03-13T15:34:54","guid":{"rendered":"https:\/\/corrientesdetarde.com\/?p=132376"},"modified":"2024-03-13T12:34:57","modified_gmt":"2024-03-13T15:34:57","slug":"video-discutia-con-un-colectivero-en-montevideo-y-un-taxista-lo-dejo-ko-de-un-golpe-por-detras","status":"publish","type":"post","link":"https:\/\/corrientesdetarde.com\/index.php\/informacion-general\/video-discutia-con-un-colectivero-en-montevideo-y-un-taxista-lo-dejo-ko-de-un-golpe-por-detras\/","title":{"rendered":"Video: discut\u00eda con un colectivero en Montevideo y un taxista lo dej\u00f3 KO de un golpe por detr\u00e1s"},"content":{"rendered":"\n<p><strong>Un chofer de colectivo mantuvo una acalorada discusi\u00f3n con un hombre&nbsp;<\/strong>que intent\u00f3 subir al transporte en<strong>&nbsp;estado de ebriedad<\/strong>. La discusi\u00f3n escal\u00f3 al punto que un taxista que presenciaba lo que suced\u00eda decidi\u00f3 intervenir.&nbsp;<strong>El trabajador baj\u00f3 de su veh\u00edculo, se dirigi\u00f3 al sujeto que imped\u00eda que el \u00f3mnibus avanzara y lo noque\u00f3 de un golpe.<\/strong>&nbsp;La gresca tuvo lugar el lunes por la noche en&nbsp;<strong>Montevideo<\/strong>, Uruguay -sobre la avenida 18 de Julio- y fue captada en&nbsp;<strong>video<\/strong>.<\/p>\n\n\n\n<p>Tal y como muestran las im\u00e1genes divulgadas en redes sociales, que fueron replicadas por el medio local\u00a0<em>Montevideo Portal<\/em>, la disputa entre el chofer y el sujeto alcoholizado comenz\u00f3 cuando este \u00faltimo se colg\u00f3 de una de las manijas dispuestas en la puerta de ingreso al transporte de pasajeros.<strong>\u00a0\u201c\u00bfEsperas que me vaya porque estoy en pedo? No me bajo. No, no me bajo. No me bajo. Bajate vos\u201d<\/strong>, le grita al colectivero mientras la mujer que lo filma lo arenga:\u00a0<strong>\u201cPartile la cabeza\u201d.<\/strong><\/p>\n\n\n\n<figure class=\"wp-block-embed is-type-video is-provider-youtube wp-block-embed-youtube wp-embed-aspect-16-9 wp-has-aspect-ratio\"><div class=\"wp-block-embed__wrapper\">\n<iframe loading=\"lazy\" title=\"Discut\u00eda estando borracho con un colectivero y un taxista lo dej\u00f3 KO de un golpe por detr\u00e1s\" width=\"1110\" height=\"624\" src=\"https:\/\/www.youtube.com\/embed\/4ZSLVN5imWY?feature=oembed\" frameborder=\"0\" allow=\"accelerometer; autoplay; clipboard-write; encrypted-media; gyroscope; picture-in-picture; web-share\" allowfullscreen><\/iframe>\n<\/div><\/figure>\n\n\n\n<p>El conductor entonces accedi\u00f3 al pedido de su agresor. Abri\u00f3 r\u00e1pidamente las puertas del transporte y le respondi\u00f3 al individuo:&nbsp;<strong>\u201c\u00bfA vos te parece hacer algo as\u00ed? Yo no soy polic\u00eda, nene. A las cuatro de la ma\u00f1ana salgo todos los d\u00edas a trabajar\u201d.&nbsp;<\/strong>Acto seguido, volvi\u00f3 a su puesto de trabajo e implor\u00f3 al muchacho en estado de ebriedad que lo dejara arrancar. Sin embargo, el atacante no desisti\u00f3 en su actitud, por lo que, seg\u00fan precis\u00f3 el portal uruguayo,&nbsp;<strong>el chofer llam\u00f3 a Emergencias.<\/strong><\/p>\n\n\n<div class=\"wp-block-image\">\n<figure class=\"aligncenter\"><img decoding=\"async\" src=\"https:\/\/cdn.jwplayer.com\/v2\/media\/xS7ygtUH\/poster.jpg?width=720\" alt=\"Uruguay: un hombre discut\u00eda con un chofer de colectivo, un taxista intervino y lo noque\u00f3 de un solo golpe\"\/><\/figure>\n<\/div>\n\n\n<p>Mientras esperaba a que efectivos de las fuerzas de seguridad se hicieran presentes en el lugar,\u00a0<strong>el colectivero decidi\u00f3 tomar cartas en el asunto. Descendi\u00f3 entonces del \u00f3mnibus y enfrent\u00f3 al hombre, que intent\u00f3 darle una trompada sin \u00e9xito.<\/strong>\u00a0Mientras la ri\u00f1a entre ambos continuaba, un taxista vio lo que estaba sucediendo y opt\u00f3 por intervenir.\u00a0Se acerc\u00f3 con premura hacia el individuo que hab\u00eda iniciado la disputa y le dio un fuerte golpe en el rostro y por la espalda.<\/p>\n\n\n\n<p><strong>\u201cDale, dej\u00e1 de descansar. Dej\u00e1 de descansar a la gente que est\u00e1 laburando\u201d,<\/strong>\u00a0vocifer\u00f3 el segundo conductor mientras el atacante yac\u00eda en el suelo. Instantes despu\u00e9s lo tom\u00f3 de las piernas y lo corri\u00f3 hacia la vereda mientras le dec\u00eda \u201cDale, arranc\u00e1\u201d. Finalmente, el colectivero pudo emprender la marcha y el taxista retom\u00f3 sus actividades como si nada hubiera ocurrido. El sujeto que recibi\u00f3 el golpe, por su parte, estuvo unos segundos inconsciente y puedo luego recomponerse.<\/p>\n","protected":false},"excerpt":{"rendered":"<p>Un chofer de colectivo mantuvo una acalorada discusi\u00f3n con un hombre&nbsp;que intent\u00f3 subir al transporte en&nbsp;estado de ebriedad. La discusi\u00f3n escal\u00f3 al punto que un taxista que presenciaba lo que&hellip; <\/p>\n","protected":false},"author":1,"featured_media":132377,"comment_status":"closed","ping_status":"open","sticky":false,"template":"","format":"standard","meta":{"footnotes":""},"categories":[1],"tags":[],"class_list":["post-132376","post","type-post","status-publish","format-standard","has-post-thumbnail","hentry","category-informacion-general"],"_links":{"self":[{"href":"https:\/\/corrientesdetarde.com\/index.php\/wp-json\/wp\/v2\/posts\/132376","targetHints":{"allow":["GET"]}}],"collection":[{"href":"https:\/\/corrientesdetarde.com\/index.php\/wp-json\/wp\/v2\/posts"}],"about":[{"href":"https:\/\/corrientesdetarde.com\/index.php\/wp-json\/wp\/v2\/types\/post"}],"author":[{"embeddable":true,"href":"https:\/\/corrientesdetarde.com\/index.php\/wp-json\/wp\/v2\/users\/1"}],"replies":[{"embeddable":true,"href":"https:\/\/corrientesdetarde.com\/index.php\/wp-json\/wp\/v2\/comments?post=132376"}],"version-history":[{"count":1,"href":"https:\/\/corrientesdetarde.com\/index.php\/wp-json\/wp\/v2\/posts\/132376\/revisions"}],"predecessor-version":[{"id":132378,"href":"https:\/\/corrientesdetarde.com\/index.php\/wp-json\/wp\/v2\/posts\/132376\/revisions\/132378"}],"wp:featuredmedia":[{"embeddable":true,"href":"https:\/\/corrientesdetarde.com\/index.php\/wp-json\/wp\/v2\/media\/132377"}],"wp:attachment":[{"href":"https:\/\/corrientesdetarde.com\/index.php\/wp-json\/wp\/v2\/media?parent=132376"}],"wp:term":[{"taxonomy":"category","embeddable":true,"href":"https:\/\/corrientesdetarde.com\/index.php\/wp-json\/wp\/v2\/categories?post=132376"},{"taxonomy":"post_tag","embeddable":true,"href":"https:\/\/corrientesdetarde.com\/index.php\/wp-json\/wp\/v2\/tags?post=132376"}],"curies":[{"name":"wp","href":"https:\/\/api.w.org\/{rel}","templated":true}]}}