{"id":132379,"date":"2024-03-13T13:44:28","date_gmt":"2024-03-13T16:44:28","guid":{"rendered":"https:\/\/corrientesdetarde.com\/?p=132379"},"modified":"2024-03-13T13:44:41","modified_gmt":"2024-03-13T16:44:41","slug":"salud-lanza-las-jornadas-de-capacitacion-en-asistencia-inicial-en-emergentologia-2024","status":"publish","type":"post","link":"https:\/\/corrientesdetarde.com\/index.php\/bienestar-y-salud\/salud-lanza-las-jornadas-de-capacitacion-en-asistencia-inicial-en-emergentologia-2024\/","title":{"rendered":"Salud lanza las Jornadas de Capacitaci\u00f3n en Asistencia Inicial en Emergentolog\u00eda 2024"},"content":{"rendered":"\n<p><em>La apertura ser\u00e1 el 27 de marzo a partir de las 9 en el hospital J. R. Vidal de la localidad de Ber\u00f3n de Astrada y est\u00e1 destinada a m\u00e9dicos, kinesi\u00f3logos, enfermeros, param\u00e9dicos, t\u00e9cnicos diversos y personal de apoyo hospitalario.<\/em><\/p>\n\n\n\n<p>El Ministerio de Salud P\u00fablica, a trav\u00e9s de la Direcci\u00f3n de Docencia e Investigaci\u00f3n, dar\u00e1 inicio sus actividades presenciales diagramadas para el ciclo lectivo 2024 en su proceso de capacitaci\u00f3n continua al personal de la cartera sanitaria.<\/p>\n\n\n\n<p>As\u00ed, la apertura ser\u00e1 el mi\u00e9rcoles 27 de marzo a partir de las 9 en el hospital J. R. Vidal de la localidad de Ber\u00f3n de Astrada, con el lanzamiento de las Jornadas de Capacitaci\u00f3n en Asistencia Inicial en Emergentolog\u00eda, que vienen realiz\u00e1ndose desde el 2022, con un programa actualizado y necesario para atender las demandas de los hospitales de toda la provincia. Est\u00e1 dirigida a m\u00e9dicos, kinesi\u00f3logos, enfermeros, param\u00e9dicos, t\u00e9cnicos diversos y personal de apoyo hospitalario.<\/p>\n\n\n\n<p>Se trata de una jornada intensiva de cuatro horas de duraci\u00f3n. La actividad formativa estar\u00e1 coordinada por el doctor Marcelo Wirz, reconocido emergent\u00f3logo del medio, docente de la facultad de Medicina de la UNNE y por la licenciada Mercedes Esquivel, kinesi\u00f3loga y fisiatra que se desempe\u00f1a actualmente en el \u00e1rea de Terapia Intensiva, Emergencia y Unidad Coronaria del hospital Escuela \u201cGral. Jos\u00e9 de San Mart\u00edn\u201d.<\/p>\n\n\n\n<p>De acuerdo con la informaci\u00f3n m\u00e1s reciente de la Organizaci\u00f3n Mundial de la Salud (OMS) y de los Centros de Control de Enfermedades (CDC), m\u00e1s de nueve personas mueren cada minuto por lesiones o violencia; 5,8 millones de personas de todas las edades y grupos econ\u00f3micos mueren cada a\u00f1o a partir de lesiones no intencionales y violencia que pudieron haber sido evitados.<\/p>\n\n\n\n<p>Por ello, este proyecto se genera para continuar con la capacitaci\u00f3n permanente al personal de salud partiendo desde los Centros de Salud de las diversas localidades para contribuir a optimizar el manejo que se realiza de las Emergencias.<\/p>\n\n\n\n<p>Los directivos de los hospitales y CAPS que quieran realizar esta formaci\u00f3n, pueden hacer a trav\u00e9s del correo electr\u00f3nico\u00a0<a href=\"mailto:docenciaeinvestigacion@saludcorrientes.gob.ar\" target=\"_blank\" rel=\"noreferrer noopener\">docenciaeinvestigacion@saludcorrientes.gob.ar<\/a>.<\/p>\n\n\n\n<figure class=\"wp-block-image size-full\"><img loading=\"lazy\" decoding=\"async\" width=\"868\" height=\"825\" src=\"https:\/\/corrientesdetarde.com\/wp-content\/uploads\/2024\/03\/image-314.png\" alt=\"\" class=\"wp-image-132380\" srcset=\"https:\/\/corrientesdetarde.com\/wp-content\/uploads\/2024\/03\/image-314.png 868w, https:\/\/corrientesdetarde.com\/wp-content\/uploads\/2024\/03\/image-314-300x285.png 300w, https:\/\/corrientesdetarde.com\/wp-content\/uploads\/2024\/03\/image-314-768x730.png 768w\" sizes=\"auto, (max-width: 868px) 100vw, 868px\" \/><\/figure>\n\n\n\n<figure class=\"wp-block-image size-large\"><img loading=\"lazy\" decoding=\"async\" width=\"730\" height=\"1024\" src=\"https:\/\/corrientesdetarde.com\/wp-content\/uploads\/2024\/03\/image-315-730x1024.png\" alt=\"\" class=\"wp-image-132381\" srcset=\"https:\/\/corrientesdetarde.com\/wp-content\/uploads\/2024\/03\/image-315-730x1024.png 730w, https:\/\/corrientesdetarde.com\/wp-content\/uploads\/2024\/03\/image-315-214x300.png 214w, https:\/\/corrientesdetarde.com\/wp-content\/uploads\/2024\/03\/image-315-768x1077.png 768w, https:\/\/corrientesdetarde.com\/wp-content\/uploads\/2024\/03\/image-315.png 928w\" sizes=\"auto, (max-width: 730px) 100vw, 730px\" \/><\/figure>\n","protected":false},"excerpt":{"rendered":"<p>La apertura ser\u00e1 el 27 de marzo a partir de las 9 en el hospital J. R. Vidal de la localidad de Ber\u00f3n de Astrada y est\u00e1 destinada a m\u00e9dicos,&hellip; <\/p>\n","protected":false},"author":8,"featured_media":132382,"comment_status":"closed","ping_status":"open","sticky":false,"template":"","format":"standard","meta":{"footnotes":""},"categories":[16],"tags":[],"class_list":["post-132379","post","type-post","status-publish","format-standard","has-post-thumbnail","hentry","category-bienestar-y-salud"],"_links":{"self":[{"href":"https:\/\/corrientesdetarde.com\/index.php\/wp-json\/wp\/v2\/posts\/132379","targetHints":{"allow":["GET"]}}],"collection":[{"href":"https:\/\/corrientesdetarde.com\/index.php\/wp-json\/wp\/v2\/posts"}],"about":[{"href":"https:\/\/corrientesdetarde.com\/index.php\/wp-json\/wp\/v2\/types\/post"}],"author":[{"embeddable":true,"href":"https:\/\/corrientesdetarde.com\/index.php\/wp-json\/wp\/v2\/users\/8"}],"replies":[{"embeddable":true,"href":"https:\/\/corrientesdetarde.com\/index.php\/wp-json\/wp\/v2\/comments?post=132379"}],"version-history":[{"count":1,"href":"https:\/\/corrientesdetarde.com\/index.php\/wp-json\/wp\/v2\/posts\/132379\/revisions"}],"predecessor-version":[{"id":132383,"href":"https:\/\/corrientesdetarde.com\/index.php\/wp-json\/wp\/v2\/posts\/132379\/revisions\/132383"}],"wp:featuredmedia":[{"embeddable":true,"href":"https:\/\/corrientesdetarde.com\/index.php\/wp-json\/wp\/v2\/media\/132382"}],"wp:attachment":[{"href":"https:\/\/corrientesdetarde.com\/index.php\/wp-json\/wp\/v2\/media?parent=132379"}],"wp:term":[{"taxonomy":"category","embeddable":true,"href":"https:\/\/corrientesdetarde.com\/index.php\/wp-json\/wp\/v2\/categories?post=132379"},{"taxonomy":"post_tag","embeddable":true,"href":"https:\/\/corrientesdetarde.com\/index.php\/wp-json\/wp\/v2\/tags?post=132379"}],"curies":[{"name":"wp","href":"https:\/\/api.w.org\/{rel}","templated":true}]}}