{"id":132392,"date":"2024-03-13T13:51:11","date_gmt":"2024-03-13T16:51:11","guid":{"rendered":"https:\/\/corrientesdetarde.com\/?p=132392"},"modified":"2024-03-13T14:11:29","modified_gmt":"2024-03-13T17:11:29","slug":"plus-de-refuerzo-valdes-informa-dias-de-pago-y-provincia-inyecta-otros-2-620-millones-al-mercado-local","status":"publish","type":"post","link":"https:\/\/corrientesdetarde.com\/index.php\/locales\/plus-de-refuerzo-valdes-informa-dias-de-pago-y-provincia-inyecta-otros-2-620-millones-al-mercado-local\/","title":{"rendered":"Plus de Refuerzo: Vald\u00e9s informa d\u00edas de pago y Provincia inyecta otros $2.620 millones al mercado local"},"content":{"rendered":"\n<p>A trav\u00e9s de sus redes sociales, @gustavovaldesok, el gobernador Gustavo Vald\u00e9s confirm\u00f3 el cronograma de pago del Plus de Refuerzo mensual de los agentes de la administraci\u00f3n p\u00fablica provincial, tanto activos, jubilados y pensionados. La liquidaci\u00f3n ser\u00e1 en cinco d\u00edas, pag\u00e1ndose por terminaci\u00f3n de n\u00famero de documento.<\/p>\n\n\n\n<p>El primer mandatario correntino comunic\u00f3 que el cronograma comenzar\u00e1 este jueves 14, d\u00eda que percibir\u00e1n los agentes con Documento Nacional de Identidad terminados en 0 y 1. El viernes 15, ser\u00e1 el turno de quienes tengan DNI finalizados en 2 y 3.<\/p>\n\n\n\n<p>El lunes 18, cobrar\u00e1n aquellos con documentos terminados en 4 y 5; este tramo estar\u00e1 disponible a trav\u00e9s de los cajeros autom\u00e1ticos habilitados por el Banco de Corrientes SA, desde el s\u00e1bado 16.<\/p>\n\n\n\n<p>El martes 19, percibir\u00e1n los agentes con DNI 6 y 7; y el cronograma de pago finaliza el mi\u00e9rcoles 20, jornada que se pagar\u00e1 a aquellos con documentos finalizados en 8 y 9.<\/p>\n\n\n\n<p><strong>En 20 d\u00edas, m\u00e1s de $5.370 millones de pesos<\/strong><\/p>\n\n\n\n<p>Para el pago del Plus de Refuerzo de este mes de marzo, el Gobierno de Corrientes vuelca m\u00e1s de $2.620 millones. Durante los primeros trece d\u00edas, inyect\u00f3 otros $2.750 millones, lo que acumular\u00e1 en veinte d\u00edas m\u00e1s de $5.370 millones.<\/p>\n\n\n\n<figure class=\"wp-block-image size-full\"><img loading=\"lazy\" decoding=\"async\" width=\"600\" height=\"317\" src=\"https:\/\/corrientesdetarde.com\/wp-content\/uploads\/2024\/03\/d67ce043dc003945fb68ff471a5d7e74b5d3fb0e-1.jpg\" alt=\"\" class=\"wp-image-132410\" srcset=\"https:\/\/corrientesdetarde.com\/wp-content\/uploads\/2024\/03\/d67ce043dc003945fb68ff471a5d7e74b5d3fb0e-1.jpg 600w, https:\/\/corrientesdetarde.com\/wp-content\/uploads\/2024\/03\/d67ce043dc003945fb68ff471a5d7e74b5d3fb0e-1-300x159.jpg 300w\" sizes=\"auto, (max-width: 600px) 100vw, 600px\" \/><\/figure>\n","protected":false},"excerpt":{"rendered":"<p>A trav\u00e9s de sus redes sociales, @gustavovaldesok, el gobernador Gustavo Vald\u00e9s confirm\u00f3 el cronograma de pago del Plus de Refuerzo mensual de los agentes de la administraci\u00f3n p\u00fablica provincial, tanto&hellip; <\/p>\n","protected":false},"author":8,"featured_media":132412,"comment_status":"closed","ping_status":"open","sticky":false,"template":"","format":"standard","meta":{"footnotes":""},"categories":[8],"tags":[],"class_list":["post-132392","post","type-post","status-publish","format-standard","has-post-thumbnail","hentry","category-locales"],"_links":{"self":[{"href":"https:\/\/corrientesdetarde.com\/index.php\/wp-json\/wp\/v2\/posts\/132392","targetHints":{"allow":["GET"]}}],"collection":[{"href":"https:\/\/corrientesdetarde.com\/index.php\/wp-json\/wp\/v2\/posts"}],"about":[{"href":"https:\/\/corrientesdetarde.com\/index.php\/wp-json\/wp\/v2\/types\/post"}],"author":[{"embeddable":true,"href":"https:\/\/corrientesdetarde.com\/index.php\/wp-json\/wp\/v2\/users\/8"}],"replies":[{"embeddable":true,"href":"https:\/\/corrientesdetarde.com\/index.php\/wp-json\/wp\/v2\/comments?post=132392"}],"version-history":[{"count":2,"href":"https:\/\/corrientesdetarde.com\/index.php\/wp-json\/wp\/v2\/posts\/132392\/revisions"}],"predecessor-version":[{"id":132413,"href":"https:\/\/corrientesdetarde.com\/index.php\/wp-json\/wp\/v2\/posts\/132392\/revisions\/132413"}],"wp:featuredmedia":[{"embeddable":true,"href":"https:\/\/corrientesdetarde.com\/index.php\/wp-json\/wp\/v2\/media\/132412"}],"wp:attachment":[{"href":"https:\/\/corrientesdetarde.com\/index.php\/wp-json\/wp\/v2\/media?parent=132392"}],"wp:term":[{"taxonomy":"category","embeddable":true,"href":"https:\/\/corrientesdetarde.com\/index.php\/wp-json\/wp\/v2\/categories?post=132392"},{"taxonomy":"post_tag","embeddable":true,"href":"https:\/\/corrientesdetarde.com\/index.php\/wp-json\/wp\/v2\/tags?post=132392"}],"curies":[{"name":"wp","href":"https:\/\/api.w.org\/{rel}","templated":true}]}}