{"id":132395,"date":"2024-03-13T13:58:46","date_gmt":"2024-03-13T16:58:46","guid":{"rendered":"https:\/\/corrientesdetarde.com\/?p=132395"},"modified":"2024-03-13T13:59:57","modified_gmt":"2024-03-13T16:59:57","slug":"la-dura-respuesta-del-gobierno-a-la-uia-ante-las-criticas-por-la-apertura-de-importaciones","status":"publish","type":"post","link":"https:\/\/corrientesdetarde.com\/index.php\/economia\/la-dura-respuesta-del-gobierno-a-la-uia-ante-las-criticas-por-la-apertura-de-importaciones\/","title":{"rendered":"La dura respuesta del Gobierno a la UIA ante las cr\u00edticas por la apertura de importaciones"},"content":{"rendered":"\n<p>El vocero presidencial, Manuel Adorni, asegur\u00f3 que durante los \u00faltimos veinte a\u00f1os \u201cse fund\u00edan empresas a pesar de las enormes restricciones que hab\u00eda\u201d. Antes, Javier Milei hab\u00eda defendido la medida tomada por Luis Caputo durante una entrevista radial.<\/p>\n\n\n\n<p>El Gobierno respondi\u00f3 a las cr\u00edticas de la\u00a0Uni\u00f3n Industrial Argentina (UIA)\u00a0por\u00a0la apertura de importaciones de alimentos incluidos en la canasta b\u00e1sica familiar\u00a0y asegur\u00f3 que \u201ccerrar la econom\u00eda fue un fracaso\u201d.<\/p>\n\n\n\n<p>\u201cRespetamos la opini\u00f3n de la UIA. Los propios supermercadistas nos hablaron sobre c\u00f3mo se hab\u00edan excedido en la remarcaci\u00f3n de precios y por eso (Luis)\u00a0<strong>Caputo tom\u00f3 la decisi\u00f3n de empezar, paso a paso, a abrir la econom\u00eda<\/strong>\u201d, se\u00f1al\u00f3 el vocero presidencial, Manuel Adorni.<\/p>\n\n\n\n<p>Tras el anuncio del Gobierno de abrir las importaciones para los productos de primera necesidad, los titulares de la UIA emitieron un comunicado en el que manifiestan su preocupaci\u00f3n por lo que consideran<strong>&nbsp;\u201cun trato desigual para la industria\u201d.<\/strong><\/p>\n\n\n\n<p>\u201cEl anuncio realizado hoy afecta seriamente la competitividad de las empresas que operan, producen y emplean en el pa\u00eds\u201d, hab\u00edan se\u00f1alado el martes por la tarde luego de que Javier Milei confirmara la medida.<\/p>\n\n\n\n<p>El foco de la cr\u00edtica de la entidad fabril apunt\u00f3 contra l<strong>a diferencia en el esquema de pagos:&nbsp;<\/strong>\u201cMientras los productores nacionales deben pagar en 4 cuotas mensuales y con impuesto PAIS los insumos necesarios para la fabricaci\u00f3n, los importadores de bienes terminados estar\u00e1n exentos de impuestos y tendr\u00e1n acceso total a las divisas necesarias en un solo pago a 30 d\u00edas.<\/p>\n\n\n\n<figure class=\"wp-block-image\"><img decoding=\"async\" src=\"https:\/\/tn.com.ar\/resizer\/weityNmiqKsSVCxgmvYZM4xUQgw=\/767x0\/smart\/filters:format(webp)\/cloudfront-us-east-1.images.arcpublishing.com\/artear\/26BWFZYPTBDHPKGCYTPNESRIEY.jpg\" alt=\"Daniel Funes de Rioja, titular de la UIA. (Foto: NA \/ Marcelo Capece)\n\"\/><\/figure>\n\n\n\n<p>Sin embargo, este mi\u00e9rcoles respondieron con dureza desde el gobierno: \u201cHay que tener mucho cuidado con eso de cerrar el pa\u00eds para proteger la industria nacional, porque<strong>&nbsp;se ha dado muestras de que es un absoluto fracaso\u201d.<\/strong><\/p>\n\n\n\n<p>\u201cNunca el mercado estuvo tan cerrado como en los \u00faltimos 20 a\u00f1os. Se fund\u00edan empresas a pesar de las enormes restricciones que hab\u00eda para importar. Viv\u00edamos en un pa\u00eds hiperregulado\u201d, remarc\u00f3 el portavoz del Presidente.<\/p>\n\n\n\n<p>En ese sentido, agreg\u00f3: \u201cA pesar de la econom\u00eda cerrada y la falta de importaciones,<strong>&nbsp;la Argentina no cre\u00f3 emple\u00f3 durante los \u00faltimos 11 a\u00f1os, no creci\u00f3, no gener\u00f3 nuevas empresas&nbsp;<\/strong>y los salarios reales se destruyeron\u201d.<\/p>\n\n\n\n<p>Del mismo modo, el vocero presidencial respondi\u00f3 al comunicado de la UIA por las quejas sobre la apertura de importaciones para productos b\u00e1sicos: \u201cA veces cerrar la econom\u00eda suele beneficiar a unos pocos y perjudicar a muchos\u201d.<\/p>\n\n\n\n<p>\u201cPasamos mucho tiempo pagando productos much\u00edsimos m\u00e1s caros que lo que valen en el resto del mundo y&nbsp;<strong>eso es principalmente por tener una econom\u00eda cerrada&nbsp;<\/strong>donde se benefician unos pocos del sello de goma de un funcionario para prohibir o permitir alg\u00fan tipo de importaci\u00f3n o comercio con el exterior\u201d, remarc\u00f3.<\/p>\n\n\n\n<p>Adorni asegur\u00f3 que&nbsp;<strong>mantienen \u201cel objetivo de bajar impuestos&nbsp;<\/strong>y mejorar las condiciones de todos los que quieran emprender\u201d, pero aclar\u00f3 que esas decisiones se ir\u00e1n tomando \u201cen la medida en que la situaci\u00f3n lo permita por la cat\u00e1strofe que hemos heredado\u201d.<\/p>\n\n\n\n<p>Por \u00faltimo, se refiri\u00f3 a c\u00f3mo puede influir esta medida en los precios: \u201cPor lo que nos dijeron los supermercadistas,&nbsp;<strong>los amplios m\u00e1rgenes que ten\u00edan deven\u00edan de los precios excesivos para cubrirse&nbsp;<\/strong>de algo que muchos pregonaban y no pas\u00f3, que era un d\u00f3lar a $2000 o $3000\u201d.<\/p>\n","protected":false},"excerpt":{"rendered":"<p>El vocero presidencial, Manuel Adorni, asegur\u00f3 que durante los \u00faltimos veinte a\u00f1os \u201cse fund\u00edan empresas a pesar de las enormes restricciones que hab\u00eda\u201d. Antes, Javier Milei hab\u00eda defendido la medida&hellip; <\/p>\n","protected":false},"author":8,"featured_media":132397,"comment_status":"closed","ping_status":"open","sticky":false,"template":"","format":"standard","meta":{"footnotes":""},"categories":[20],"tags":[],"class_list":["post-132395","post","type-post","status-publish","format-standard","has-post-thumbnail","hentry","category-economia"],"_links":{"self":[{"href":"https:\/\/corrientesdetarde.com\/index.php\/wp-json\/wp\/v2\/posts\/132395","targetHints":{"allow":["GET"]}}],"collection":[{"href":"https:\/\/corrientesdetarde.com\/index.php\/wp-json\/wp\/v2\/posts"}],"about":[{"href":"https:\/\/corrientesdetarde.com\/index.php\/wp-json\/wp\/v2\/types\/post"}],"author":[{"embeddable":true,"href":"https:\/\/corrientesdetarde.com\/index.php\/wp-json\/wp\/v2\/users\/8"}],"replies":[{"embeddable":true,"href":"https:\/\/corrientesdetarde.com\/index.php\/wp-json\/wp\/v2\/comments?post=132395"}],"version-history":[{"count":1,"href":"https:\/\/corrientesdetarde.com\/index.php\/wp-json\/wp\/v2\/posts\/132395\/revisions"}],"predecessor-version":[{"id":132398,"href":"https:\/\/corrientesdetarde.com\/index.php\/wp-json\/wp\/v2\/posts\/132395\/revisions\/132398"}],"wp:featuredmedia":[{"embeddable":true,"href":"https:\/\/corrientesdetarde.com\/index.php\/wp-json\/wp\/v2\/media\/132397"}],"wp:attachment":[{"href":"https:\/\/corrientesdetarde.com\/index.php\/wp-json\/wp\/v2\/media?parent=132395"}],"wp:term":[{"taxonomy":"category","embeddable":true,"href":"https:\/\/corrientesdetarde.com\/index.php\/wp-json\/wp\/v2\/categories?post=132395"},{"taxonomy":"post_tag","embeddable":true,"href":"https:\/\/corrientesdetarde.com\/index.php\/wp-json\/wp\/v2\/tags?post=132395"}],"curies":[{"name":"wp","href":"https:\/\/api.w.org\/{rel}","templated":true}]}}