{"id":132468,"date":"2024-03-13T15:38:20","date_gmt":"2024-03-13T18:38:20","guid":{"rendered":"https:\/\/corrientesdetarde.com\/?p=132468"},"modified":"2024-03-13T15:38:27","modified_gmt":"2024-03-13T18:38:27","slug":"hacia-los-juegos-de-paris-2024-se-lanzo-la-carrera-que-busca-unir-a-la-argentina-con-los-juegos-olimpicos","status":"publish","type":"post","link":"https:\/\/corrientesdetarde.com\/index.php\/deportes\/hacia-los-juegos-de-paris-2024-se-lanzo-la-carrera-que-busca-unir-a-la-argentina-con-los-juegos-olimpicos\/","title":{"rendered":"\u201cHacia los Juegos de Par\u00eds 2024\u201d: se lanz\u00f3 la carrera que busca unir a la Argentina con los Juegos Ol\u00edmpicos"},"content":{"rendered":"\n<p>Es la tercera edici\u00f3n de la carrera organizada por la Uni\u00f3n Europea. Este a\u00f1o tendr\u00e1 una tem\u00e1tica especial por la cercan\u00eda a uno de los eventos deportivos m\u00e1s importantes del mundo.<\/p>\n\n\n\n<p>Los  \u00a0Juegos Ol\u00edmpicos de Par\u00eds 2024\u00a0ya\u00a0  <strong>est\u00e1n pr\u00e1cticamente a la vuelta de la esquina\u00a0<\/strong>y la expectativa aument\u00f3 al m\u00e1ximo en todas las \u00e1reas vinculadas al deporte en la Argentina. En este marco, se present\u00f3 oficialmente la 3\u00b0 edici\u00f3n de la carrera Uni\u00f3n Europea-Buenos Aires Run, que tendr\u00e1 lugar el domingo 5 de mayo en los bosques de Palermo.<\/p>\n\n\n\n<p>Con la participaci\u00f3n de las ambajadas de la Uni\u00f3n Europea, Francia, B\u00e9lgica y de otros pa\u00edses de la Uni\u00f3n Europea, autoridades de CABA, atletas y comunidad deportiva, la carrera representa\u00a0<strong>el evento de mayor relevancia\u00a0<\/strong>en la celebraci\u00f3n  del\u00a0D\u00eda de Europa (9 de mayo), en el marco del Mes de Europa.<\/p>\n\n\n\n<p>\u201cSiento una gran ilusi\u00f3n al poder anunciar que el pr\u00f3ximo&nbsp;<strong>5 de mayo tendr\u00e1 lugar esta nueva y tercera edici\u00f3n de la Uni\u00f3n Europea-<\/strong>Buenos Aires Run. Una carrera que tiende puentes entre argentinos y europeos, abierta a todo el p\u00fablico, tanto deportistas de \u00e9lite como aficionados, y con fines solidarios\u201d, se\u00f1al\u00f3 Amador S\u00e1nchez Rico, embajador de la Uni\u00f3n Europea.<\/p>\n\n\n\n<figure class=\"wp-block-image\"><img decoding=\"async\" src=\"https:\/\/tn.com.ar\/resizer\/C4Tb4js9LV7nA0ox41_xo3qVf5E=\/767x0\/smart\/filters:format(webp)\/cloudfront-us-east-1.images.arcpublishing.com\/artear\/YR5CS4AH6RHODFLPRPNWOINWOU.jpg\" alt=\"La carrera se realizar\u00e1 el 5 de mayo en los Bosques de Palermo. (Foto: Uni\u00f3n Europea en la Argentina)\"\/><\/figure>\n\n\n\n<p>Por su parte, Romain Nadal, ambajador de Francia, pa\u00eds anfitri\u00f3n de los Juegos de Par\u00eds 2024, destac\u00f3:&nbsp;<strong>\u201cLa carrera marca el camino hacia los Juegos Ol\u00edmpicos<\/strong>&nbsp;y Paral\u00edmpicos de Par\u00eds, donde se alcanzar\u00e1 un hito importante: la plena igualdad de g\u00e9nero en el n\u00famero de atletas. Con esto buscamos destacar el compromiso con la equidad en el deporte a nivel mundial\u201d.<\/p>\n\n\n\n<p>Se espera la participaci\u00f3n de alrededor de 5.000 corredores en los Bosques de Palermo. Tal como detall\u00f3 Adri\u00e1n Gluck, CEO de I Love Run, la carrera \u201ccontar\u00e1 con dos distancias,\u00a0<strong>una competitiva de 15 y 7 kil\u00f3metros para corredores experimentados, y una opci\u00f3n participativa de 2 kil\u00f3metros<\/strong>, buscando que todos los que quieran acercarse al deporte, puedan tener su lugar y disfrutar del evento. Adem\u00e1s, como parte del compromiso con la inclusi\u00f3n, habr\u00e1 una presentaci\u00f3n especial de Los Murci\u00e9lagos, la selecci\u00f3n masculina de f\u00fatbol Argentina conformada por personas no videntes\u201d.<\/p>\n\n\n\n<p>El espacio alrededor de la zona de largada se convertir\u00e1 en un centro de actividades para toda la familia, con estaciones de juegos deportivos que emulan deportes ol\u00edmpicos y una feria gastron\u00f3mica europea inspirada en una kerm\u00e9s para poder disfrutar de un picnic.&nbsp;<strong>Los m\u00e1s peque\u00f1os podr\u00e1n disfrutar de actividades como v\u00f3ley,&nbsp;<\/strong>hockey y f\u00fatbol, mientras aprenden sobre los valores que representan cada deporte y datos curiosos relacionados.<\/p>\n\n\n\n<p>Karl Dhaene, embajador de B\u00e9lgica, pa\u00eds que preside el Consejo de la Uni\u00f3n Europea, destac\u00f3:&nbsp;<strong>\u201cbuscamos seguir defendiendo los valores en el deporte<\/strong>&nbsp;combatiendo la intolerancia, la exclusi\u00f3n y todo tipo de marginalizaci\u00f3n de los grupos subrepresentados\u201d.<\/p>\n\n\n\n<figure class=\"wp-block-image\"><img decoding=\"async\" src=\"https:\/\/tn.com.ar\/resizer\/bTVtBNBnLE9Pnko2SF0XG-7T_Zw=\/767x0\/smart\/filters:format(webp)\/cloudfront-us-east-1.images.arcpublishing.com\/artear\/2PKAZS2VIRC7VGNGEDEFJ56TFQ.jpg\" alt=\"Los Juegos Ol\u00edmpicos de Par\u00eds ser\u00e1 un protagonista central de esta carrera. (Foto: Uni\u00f3n Europea en la Argentina)\"\/><\/figure>\n\n\n\n<p>Este a\u00f1o, parte de lo recaudado en la carrera ser\u00e1 destinado a la&nbsp;<strong>Fundaci\u00f3n Baccigalupo<\/strong>&nbsp;y a la Confederaci\u00f3n Argentina de Atletismo. La fundaci\u00f3n trabaja desde 2003 utilizando el deporte como herramienta para la inclusi\u00f3n de personas con discapacidad intelectual para fomentar la integraci\u00f3n social y mejorar su calidad de vida a trav\u00e9s del deporte.<\/p>\n\n\n\n<p>La Confederaci\u00f3n Argentina de Atletismo respaldar\u00e1 a los atletas argentinos de la Federaci\u00f3n Atl\u00e9tica Metropolitana y de la Federaci\u00f3n Atl\u00e9tica de la Provincia de Buenos Aires para que puedan prepararse de manera \u00f3ptima en su camino a los Juegos Ol\u00edmpicos 2024.<\/p>\n\n\n\n<p><strong>Para inscripciones<\/strong>, ingresar a:&nbsp;<a href=\"https:\/\/bsasrun.com\/2024\/\" target=\"_blank\" rel=\"noreferrer noopener\">https:\/\/bsasrun.com\/2024\/<\/a><\/p>\n","protected":false},"excerpt":{"rendered":"<p>Es la tercera edici\u00f3n de la carrera organizada por la Uni\u00f3n Europea. Este a\u00f1o tendr\u00e1 una tem\u00e1tica especial por la cercan\u00eda a uno de los eventos deportivos m\u00e1s importantes del&hellip; <\/p>\n","protected":false},"author":8,"featured_media":132469,"comment_status":"closed","ping_status":"open","sticky":false,"template":"","format":"standard","meta":{"footnotes":""},"categories":[4],"tags":[],"class_list":["post-132468","post","type-post","status-publish","format-standard","has-post-thumbnail","hentry","category-deportes"],"_links":{"self":[{"href":"https:\/\/corrientesdetarde.com\/index.php\/wp-json\/wp\/v2\/posts\/132468","targetHints":{"allow":["GET"]}}],"collection":[{"href":"https:\/\/corrientesdetarde.com\/index.php\/wp-json\/wp\/v2\/posts"}],"about":[{"href":"https:\/\/corrientesdetarde.com\/index.php\/wp-json\/wp\/v2\/types\/post"}],"author":[{"embeddable":true,"href":"https:\/\/corrientesdetarde.com\/index.php\/wp-json\/wp\/v2\/users\/8"}],"replies":[{"embeddable":true,"href":"https:\/\/corrientesdetarde.com\/index.php\/wp-json\/wp\/v2\/comments?post=132468"}],"version-history":[{"count":1,"href":"https:\/\/corrientesdetarde.com\/index.php\/wp-json\/wp\/v2\/posts\/132468\/revisions"}],"predecessor-version":[{"id":132470,"href":"https:\/\/corrientesdetarde.com\/index.php\/wp-json\/wp\/v2\/posts\/132468\/revisions\/132470"}],"wp:featuredmedia":[{"embeddable":true,"href":"https:\/\/corrientesdetarde.com\/index.php\/wp-json\/wp\/v2\/media\/132469"}],"wp:attachment":[{"href":"https:\/\/corrientesdetarde.com\/index.php\/wp-json\/wp\/v2\/media?parent=132468"}],"wp:term":[{"taxonomy":"category","embeddable":true,"href":"https:\/\/corrientesdetarde.com\/index.php\/wp-json\/wp\/v2\/categories?post=132468"},{"taxonomy":"post_tag","embeddable":true,"href":"https:\/\/corrientesdetarde.com\/index.php\/wp-json\/wp\/v2\/tags?post=132468"}],"curies":[{"name":"wp","href":"https:\/\/api.w.org\/{rel}","templated":true}]}}