{"id":132477,"date":"2024-03-13T15:52:29","date_gmt":"2024-03-13T18:52:29","guid":{"rendered":"https:\/\/corrientesdetarde.com\/?p=132477"},"modified":"2024-03-13T15:52:41","modified_gmt":"2024-03-13T18:52:41","slug":"tarjeta-sube-como-saber-si-esta-registrada-y-que-pasa-si-no-lo-hago-en-marzo","status":"publish","type":"post","link":"https:\/\/corrientesdetarde.com\/index.php\/economia\/tarjeta-sube-como-saber-si-esta-registrada-y-que-pasa-si-no-lo-hago-en-marzo\/","title":{"rendered":"Tarjeta SUBE: c\u00f3mo saber si est\u00e1 registrada y qu\u00e9 pasa si no lo hago en marzo"},"content":{"rendered":"\n<p>Informate sobre qu\u00e9 hacer para el pr\u00f3ximo mes si tu tarjeta SUBE no est\u00e1 vinculada a tu identidad.<\/p>\n\n\n\n<p>Para verificar si tu\u00a0tarjeta SUBE est\u00e1 registrada a tu nombre y as\u00ed evitar pagar el doble en el transporte a partir del 1\u00b0 de abril, es importante realizar los siguientes pasos:<\/p>\n\n\n\n<ul class=\"wp-block-list\">\n<li>Dirigite al sitio web oficial del\u00a0Gobierno Nacional<\/li>\n\n\n\n<li>Naveg\u00e1 hasta el apartado que dice \u201c<strong>Documentaci\u00f3n ciudadana<\/strong>\u201d.<\/li>\n\n\n\n<li>Ubic\u00e1 la categor\u00eda espec\u00edfica para la&nbsp;<strong>Tarjeta SUBE<\/strong><\/li>\n\n\n\n<li>Hac\u00e9 clic en la opci\u00f3n que permite \u201c<strong>consultar titularidad<\/strong>\u201d.<\/li>\n\n\n\n<li>Introduc\u00ed los&nbsp;<strong>d\u00edgitos de tu tarjeta SUBE<\/strong>&nbsp;cuando se soliciten.<\/li>\n\n\n\n<li>El&nbsp;<strong>sistema te informar\u00e1<\/strong>&nbsp;si la tarjeta figura a tu nombre o no.<\/li>\n<\/ul>\n\n\n\n<p>En caso de no registrar la tarjeta durante marzo,\u00a0<strong>se puede hacer en abril<\/strong>,\u00a0<strong>aunque se le cobrar\u00e1 el doble<\/strong>\u00a0a quienes no tengan el pl\u00e1stico registrado a su identidad.<\/p>\n\n\n\n<h2 class=\"wp-block-heading\">C\u00f3mo registrar la Tarjeta SUBE, paso a paso<\/h2>\n\n\n\n<ul class=\"wp-block-list\">\n<li>Ingresar a la p\u00e1gina oficial de la tarjeta SUBE.<\/li>\n\n\n\n<li>Elegir la opci\u00f3n \u201c<strong>Ingres\u00e1 a tu cuenta<\/strong>\u201d y luego \u201cRegistrate Ahora\u201d.<\/li>\n\n\n\n<li>Completar el formulario con los datos personales y el&nbsp;<strong>n\u00famero de tarjeta<\/strong>&nbsp;SUBE.<\/li>\n\n\n\n<li>Como paso final pedir\u00e1 la creaci\u00f3n de la&nbsp;<strong>\u201cClave SUBE\u201d<\/strong>&nbsp;de 4 d\u00edgitos.<\/li>\n\n\n\n<li><strong>Validar la cuenta<\/strong>&nbsp;con un c\u00f3digo que llega a tu mail.<\/li>\n<\/ul>\n\n\n\n<p><\/p>\n\n\n\n<h2 class=\"wp-block-heading\">Beneficios al registrar la tarjeta SUBE<\/h2>\n\n\n\n<ul class=\"wp-block-list\">\n<li><strong>Consultar saldo<\/strong>&nbsp;y cargas pendientes.<\/li>\n\n\n\n<li>Ver el&nbsp;<strong>historial&nbsp;<\/strong>de viajes.<\/li>\n\n\n\n<li>Acceder a la&nbsp;<strong>Tarifa Social<\/strong>&nbsp;si pertenec\u00e9s a un grupo beneficiario ANSES.<\/li>\n\n\n\n<li>Consultar los&nbsp;<strong>n\u00fameros de la tarjeta<\/strong>&nbsp;en caso de que se hayan borrado.<\/li>\n\n\n\n<li>Realizar la\u00a0<strong>baja de tarjeta<\/strong>\u00a0y otras gestiones.<\/li>\n<\/ul>\n\n\n\n<h2 class=\"wp-block-heading\">C\u00f3mo registrar la tarjeta SUBE por WhatsApp, paso a paso<\/h2>\n\n\n\n<ul class=\"wp-block-list\">\n<li>El primer paso es&nbsp;<strong>enviar un mensaje al +54 1166777823<\/strong>&nbsp;en WhatsApp.<\/li>\n\n\n\n<li>El&nbsp;<strong>chatbot SUBi<\/strong>&nbsp;te responder\u00e1 y deb\u00e9s&nbsp;<strong>elegir la opci\u00f3n 1<\/strong>&nbsp;del men\u00fa de inicio.<\/li>\n\n\n\n<li>El paso siguiente es indicar si necesit\u00e1s&nbsp;<strong>registrarte o si ya ten\u00e9s usuario<\/strong>. Adem\u00e1s, deb\u00e9s&nbsp;<strong>aclarar si percib\u00eds Tarifa Social o no<\/strong>.<\/li>\n\n\n\n<li>Desde ah\u00ed, el&nbsp;<strong>chatbot SUBi<\/strong>&nbsp;seguir\u00e1 indicando el proceso a seguir en cada caso.<\/li>\n<\/ul>\n\n\n\n<h2 class=\"wp-block-heading\">Qu\u00e9 necesito para registrar mi tarjeta SUBE<\/h2>\n\n\n\n<ul class=\"wp-block-list\">\n<li>S\u00f3lo tu&nbsp;<strong>tarjeta SUBE y tu DNI vigente<\/strong>.<\/li>\n\n\n\n<li>Si sos menor de 18 a\u00f1os, un&nbsp;<strong>adulto responsable<\/strong>&nbsp;puede realizar el tr\u00e1mite con tu DNI.<\/li>\n<\/ul>\n\n\n\n<h2 class=\"wp-block-heading\">D\u00f3nde est\u00e1n los centros de atenci\u00f3n de la tarjeta SUBE en AMBA<\/h2>\n\n\n\n<p>En caso de requerir atenci\u00f3n presencial, estos centros est\u00e1n disponibles de lunes a viernes:<\/p>\n\n\n\n<ul class=\"wp-block-list\">\n<li><strong>Estaci\u00f3n Retiro<\/strong>: Av. Dr. Jos\u00e9 Mar\u00eda Ramos Mej\u00eda 1430, CABA. De lunes a viernes de 8 a 18 hs.<\/li>\n\n\n\n<li><strong>Constituci\u00f3n<\/strong>: Av. Brasil 1128 (Estaci\u00f3n FFCC Roca). De lunes a viernes de 8 a 17:30 hs<\/li>\n\n\n\n<li><strong>Ezeiza<\/strong>: Nicol\u00e1s Avellaneda 51. De lunes a viernes de 9 a 14 hs.<\/li>\n\n\n\n<li><strong>La Plata<\/strong>: Calle 41, entre calle 4 y diagonal 74, Local 1 (Terminal de \u00d3mnibus). De lunes a viernes de 10 a 15 hs.<\/li>\n\n\n\n<li><strong>Moreno<\/strong>: Espa\u00f1a 11 (Estaci\u00f3n de trasbordo L\u00ednea Sarmiento). De lunes a viernes de 8 a 18 hs.<\/li>\n\n\n\n<li><strong>San Miguel<\/strong>: Av. Dr. Ricardo Balb\u00edn 1349. De lunes a viernes de 8 a 13 hs.<\/li>\n<\/ul>\n","protected":false},"excerpt":{"rendered":"<p>Informate sobre qu\u00e9 hacer para el pr\u00f3ximo mes si tu tarjeta SUBE no est\u00e1 vinculada a tu identidad. Para verificar si tu\u00a0tarjeta SUBE est\u00e1 registrada a tu nombre y as\u00ed&hellip; <\/p>\n","protected":false},"author":8,"featured_media":132478,"comment_status":"closed","ping_status":"open","sticky":false,"template":"","format":"standard","meta":{"footnotes":""},"categories":[20],"tags":[],"class_list":["post-132477","post","type-post","status-publish","format-standard","has-post-thumbnail","hentry","category-economia"],"_links":{"self":[{"href":"https:\/\/corrientesdetarde.com\/index.php\/wp-json\/wp\/v2\/posts\/132477","targetHints":{"allow":["GET"]}}],"collection":[{"href":"https:\/\/corrientesdetarde.com\/index.php\/wp-json\/wp\/v2\/posts"}],"about":[{"href":"https:\/\/corrientesdetarde.com\/index.php\/wp-json\/wp\/v2\/types\/post"}],"author":[{"embeddable":true,"href":"https:\/\/corrientesdetarde.com\/index.php\/wp-json\/wp\/v2\/users\/8"}],"replies":[{"embeddable":true,"href":"https:\/\/corrientesdetarde.com\/index.php\/wp-json\/wp\/v2\/comments?post=132477"}],"version-history":[{"count":1,"href":"https:\/\/corrientesdetarde.com\/index.php\/wp-json\/wp\/v2\/posts\/132477\/revisions"}],"predecessor-version":[{"id":132479,"href":"https:\/\/corrientesdetarde.com\/index.php\/wp-json\/wp\/v2\/posts\/132477\/revisions\/132479"}],"wp:featuredmedia":[{"embeddable":true,"href":"https:\/\/corrientesdetarde.com\/index.php\/wp-json\/wp\/v2\/media\/132478"}],"wp:attachment":[{"href":"https:\/\/corrientesdetarde.com\/index.php\/wp-json\/wp\/v2\/media?parent=132477"}],"wp:term":[{"taxonomy":"category","embeddable":true,"href":"https:\/\/corrientesdetarde.com\/index.php\/wp-json\/wp\/v2\/categories?post=132477"},{"taxonomy":"post_tag","embeddable":true,"href":"https:\/\/corrientesdetarde.com\/index.php\/wp-json\/wp\/v2\/tags?post=132477"}],"curies":[{"name":"wp","href":"https:\/\/api.w.org\/{rel}","templated":true}]}}