{"id":132483,"date":"2024-03-13T16:09:46","date_gmt":"2024-03-13T19:09:46","guid":{"rendered":"https:\/\/corrientesdetarde.com\/?p=132483"},"modified":"2024-03-13T16:09:54","modified_gmt":"2024-03-13T19:09:54","slug":"este-sabado-se-realizara-el-evento-de-arte-corporal-mbaepora-rete","status":"publish","type":"post","link":"https:\/\/corrientesdetarde.com\/index.php\/cultura\/este-sabado-se-realizara-el-evento-de-arte-corporal-mbaepora-rete\/","title":{"rendered":"Este s\u00e1bado se realizar\u00e1 el evento de arte corporal \u201cMba&#8217;epor\u00e3 Rete\u201d"},"content":{"rendered":"\n<p>En el patio del Instituto de Cultura de Corrientes se realiz\u00f3 hoy a la ma\u00f1ana una conferencia de prensa para brindar detalles del evento \u201cMba&#8217;epor\u00e3 Rete, arte corporal\u201d, que se desarrollar\u00e1 el s\u00e1bado, desde las 16, en el Museo de Bellas Artes \u201cDr. Juan R. Vidal\u201d. La actividad de cierre ser\u00e1, a las 19,30, con desfile de modelos, cuyos cuerpos estar\u00e1n intervenidos por once artistas locales.<\/p>\n\n\n\n<p>El presidente del Instituto de Cultura, Arq. Gabriel Romero, destac\u00f3 que se trata de una propuesta innovadora que tendr\u00e1 lugar con acceso libre y gratuito en el Museo de Bellas Artes, con la participaci\u00f3n de artistas locales y el acompa\u00f1amiento de la tecnolog\u00eda aplicada a la cultura. \u201cAgradezco la presencia del subsecretario de Sistema y Tecnolog\u00eda de la Informaci\u00f3n, Federico Ojeda, y que su \u00e1rea forme parte de esta iniciativa\u201d, indic\u00f3.<\/p>\n\n\n\n<p>El director del Museo, Lic. Luis Bogado, invit\u00f3 a la comunidad correntina a asistir a este evento de arte ef\u00edmero, que dar\u00e1 inicio a las 16. Desde esa hora, el p\u00fablico podr\u00e1 apreciar el proceso creativo de los artistas, trabajando sobre los modelos, inspir\u00e1ndose en la cultura de Corrientes. \u201cLos artistas van a estar trabajando sobre el cuerpo de los modelos, proponiendo tem\u00e1ticas vinculadas a la flora, la fauna, la cultura popular, el chamam\u00e9 y el carnaval\u201d, anticip\u00f3.<\/p>\n\n\n\n<p>Luego, a las 19,30, se ver\u00e1 el producto final a trav\u00e9s de un desfile de los modelos por las distintas salas del Museo de Bellas Artes.<\/p>\n\n\n\n<p>Participaron de la rueda de prensa, la coordinadora de la propuesta, Zulma Ru\u00edz Cuevas, y los artistas participantes: Jorge Pintos (ArteRoide), Sof\u00eda Holowaty, Anisima, Jos\u00e9 Pablo Solari Maidana, Gabriela Mar\u00eda Eugenia Aguado, Ail\u00e9n Chaco, Guadalupe Morlio, Carlos Zalazar Guzm\u00e1n, Nicol\u00e1s Alejandro Garc\u00eda, Hernando M\u00e9ndez y Mauro Robin.<\/p>\n\n\n\n<p><strong>Lienzo viviente<\/strong><\/p>\n\n\n\n<p>Los artistas, maestros en el arte de transformar el cuerpo humano en lienzo viviente, se van a inspirar en los elementos m\u00e1s emblem\u00e1ticos de Corrientes. La flora y la fauna de la regi\u00f3n cobrar\u00e1n vida en los cuerpos de los modelos, con dise\u00f1os que ir\u00e1n a trav\u00e9s de las pinceladas evocando la vibrante biodiversidad que caracteriza a la provincia de Corrientes.<\/p>\n\n\n\n<p>Los body paintings tambi\u00e9n rendir\u00e1n homenaje a la m\u00fasica chamamecera, los carnavales, las leyendas locales y al profundo respeto por la tierra, mostrando escenas que capturan el alma del litoral, con sus mitos, su gente, y su historia.<\/p>\n\n\n\n<p>Esta expresi\u00f3n art\u00edstica propone un viaje que trascienda las barreras entre el arte y la piel, c\u00f3mo testimonio de la cultura y la naturaleza que se fusionan en expresiones de belleza ef\u00edmera pero eterna, ofreciendo a los espectadores una experiencia inmersiva que desdibuja las l\u00edneas entre el arte, la moda y las narrativas culturales.<\/p>\n\n\n\n<figure class=\"wp-block-image size-large\"><img loading=\"lazy\" decoding=\"async\" width=\"1024\" height=\"768\" src=\"https:\/\/corrientesdetarde.com\/wp-content\/uploads\/2024\/03\/image-353-1024x768.png\" alt=\"\" class=\"wp-image-132484\" srcset=\"https:\/\/corrientesdetarde.com\/wp-content\/uploads\/2024\/03\/image-353-1024x768.png 1024w, https:\/\/corrientesdetarde.com\/wp-content\/uploads\/2024\/03\/image-353-300x225.png 300w, https:\/\/corrientesdetarde.com\/wp-content\/uploads\/2024\/03\/image-353-768x576.png 768w, https:\/\/corrientesdetarde.com\/wp-content\/uploads\/2024\/03\/image-353-1536x1152.png 1536w, https:\/\/corrientesdetarde.com\/wp-content\/uploads\/2024\/03\/image-353.png 1600w\" sizes=\"auto, (max-width: 1024px) 100vw, 1024px\" \/><\/figure>\n\n\n\n<figure class=\"wp-block-image size-large\"><img loading=\"lazy\" decoding=\"async\" width=\"1024\" height=\"768\" src=\"https:\/\/corrientesdetarde.com\/wp-content\/uploads\/2024\/03\/image-354-1024x768.png\" alt=\"\" class=\"wp-image-132485\" srcset=\"https:\/\/corrientesdetarde.com\/wp-content\/uploads\/2024\/03\/image-354-1024x768.png 1024w, https:\/\/corrientesdetarde.com\/wp-content\/uploads\/2024\/03\/image-354-300x225.png 300w, https:\/\/corrientesdetarde.com\/wp-content\/uploads\/2024\/03\/image-354-768x576.png 768w, https:\/\/corrientesdetarde.com\/wp-content\/uploads\/2024\/03\/image-354-1536x1152.png 1536w, https:\/\/corrientesdetarde.com\/wp-content\/uploads\/2024\/03\/image-354.png 1600w\" sizes=\"auto, (max-width: 1024px) 100vw, 1024px\" \/><\/figure>\n","protected":false},"excerpt":{"rendered":"<p>En el patio del Instituto de Cultura de Corrientes se realiz\u00f3 hoy a la ma\u00f1ana una conferencia de prensa para brindar detalles del evento \u201cMba&#8217;epor\u00e3 Rete, arte corporal\u201d, que se&hellip; <\/p>\n","protected":false},"author":8,"featured_media":132486,"comment_status":"closed","ping_status":"open","sticky":false,"template":"","format":"standard","meta":{"footnotes":""},"categories":[15],"tags":[],"class_list":["post-132483","post","type-post","status-publish","format-standard","has-post-thumbnail","hentry","category-cultura"],"_links":{"self":[{"href":"https:\/\/corrientesdetarde.com\/index.php\/wp-json\/wp\/v2\/posts\/132483","targetHints":{"allow":["GET"]}}],"collection":[{"href":"https:\/\/corrientesdetarde.com\/index.php\/wp-json\/wp\/v2\/posts"}],"about":[{"href":"https:\/\/corrientesdetarde.com\/index.php\/wp-json\/wp\/v2\/types\/post"}],"author":[{"embeddable":true,"href":"https:\/\/corrientesdetarde.com\/index.php\/wp-json\/wp\/v2\/users\/8"}],"replies":[{"embeddable":true,"href":"https:\/\/corrientesdetarde.com\/index.php\/wp-json\/wp\/v2\/comments?post=132483"}],"version-history":[{"count":1,"href":"https:\/\/corrientesdetarde.com\/index.php\/wp-json\/wp\/v2\/posts\/132483\/revisions"}],"predecessor-version":[{"id":132487,"href":"https:\/\/corrientesdetarde.com\/index.php\/wp-json\/wp\/v2\/posts\/132483\/revisions\/132487"}],"wp:featuredmedia":[{"embeddable":true,"href":"https:\/\/corrientesdetarde.com\/index.php\/wp-json\/wp\/v2\/media\/132486"}],"wp:attachment":[{"href":"https:\/\/corrientesdetarde.com\/index.php\/wp-json\/wp\/v2\/media?parent=132483"}],"wp:term":[{"taxonomy":"category","embeddable":true,"href":"https:\/\/corrientesdetarde.com\/index.php\/wp-json\/wp\/v2\/categories?post=132483"},{"taxonomy":"post_tag","embeddable":true,"href":"https:\/\/corrientesdetarde.com\/index.php\/wp-json\/wp\/v2\/tags?post=132483"}],"curies":[{"name":"wp","href":"https:\/\/api.w.org\/{rel}","templated":true}]}}