{"id":132488,"date":"2024-03-13T16:13:29","date_gmt":"2024-03-13T19:13:29","guid":{"rendered":"https:\/\/corrientesdetarde.com\/?p=132488"},"modified":"2024-03-13T16:13:41","modified_gmt":"2024-03-13T19:13:41","slug":"el-gobierno-le-enviara-a-la-oposicion-el-borrador-de-la-nueva-ley-omnibus","status":"publish","type":"post","link":"https:\/\/corrientesdetarde.com\/index.php\/politica\/el-gobierno-le-enviara-a-la-oposicion-el-borrador-de-la-nueva-ley-omnibus\/","title":{"rendered":"El Gobierno le enviar\u00e1 a la oposici\u00f3n el borrador de la nueva Ley \u00d3mnibus"},"content":{"rendered":"\n<p>Lo confirmaron  fuentes del Ministerio del Interior. Tambi\u00e9n lo dio a conocer Alfredo Cornejo, gobernador de Mendoza, quien dio detalles sobre esta propuesta.<\/p>\n\n\n\n<p><a href=\"https:\/\/tn.com.ar\/autor\/Isalerno\/\"><\/a>En los pr\u00f3ximos d\u00edas se espera que la oposici\u00f3n reciba un borrador con una nueva versi\u00f3n de la Ley \u00d3mnibus para su revisi\u00f3n. As\u00ed lo confirmaron fuentes del Ministerio del Interior .<\/p>\n\n\n\n<p>Por su parte, el gobernador de Mendoza,&nbsp;<strong>Alfredo Cornejo,<\/strong>&nbsp;tambi\u00e9n adelant\u00f3 que esta ma\u00f1ana le indicaron que el Gobierno les&nbsp;<strong>enviar\u00e1 un borrador de la ley \u00d3mnibus reversionada<\/strong>&nbsp;a todos los mandatarios y a los bloques del Congreso antes de este fin de semana.<\/p>\n","protected":false},"excerpt":{"rendered":"<p>Lo confirmaron fuentes del Ministerio del Interior. Tambi\u00e9n lo dio a conocer Alfredo Cornejo, gobernador de Mendoza, quien dio detalles sobre esta propuesta. En los pr\u00f3ximos d\u00edas se espera que&hellip; <\/p>\n","protected":false},"author":8,"featured_media":132489,"comment_status":"closed","ping_status":"open","sticky":false,"template":"","format":"standard","meta":{"footnotes":""},"categories":[3],"tags":[],"class_list":["post-132488","post","type-post","status-publish","format-standard","has-post-thumbnail","hentry","category-politica"],"_links":{"self":[{"href":"https:\/\/corrientesdetarde.com\/index.php\/wp-json\/wp\/v2\/posts\/132488","targetHints":{"allow":["GET"]}}],"collection":[{"href":"https:\/\/corrientesdetarde.com\/index.php\/wp-json\/wp\/v2\/posts"}],"about":[{"href":"https:\/\/corrientesdetarde.com\/index.php\/wp-json\/wp\/v2\/types\/post"}],"author":[{"embeddable":true,"href":"https:\/\/corrientesdetarde.com\/index.php\/wp-json\/wp\/v2\/users\/8"}],"replies":[{"embeddable":true,"href":"https:\/\/corrientesdetarde.com\/index.php\/wp-json\/wp\/v2\/comments?post=132488"}],"version-history":[{"count":1,"href":"https:\/\/corrientesdetarde.com\/index.php\/wp-json\/wp\/v2\/posts\/132488\/revisions"}],"predecessor-version":[{"id":132490,"href":"https:\/\/corrientesdetarde.com\/index.php\/wp-json\/wp\/v2\/posts\/132488\/revisions\/132490"}],"wp:featuredmedia":[{"embeddable":true,"href":"https:\/\/corrientesdetarde.com\/index.php\/wp-json\/wp\/v2\/media\/132489"}],"wp:attachment":[{"href":"https:\/\/corrientesdetarde.com\/index.php\/wp-json\/wp\/v2\/media?parent=132488"}],"wp:term":[{"taxonomy":"category","embeddable":true,"href":"https:\/\/corrientesdetarde.com\/index.php\/wp-json\/wp\/v2\/categories?post=132488"},{"taxonomy":"post_tag","embeddable":true,"href":"https:\/\/corrientesdetarde.com\/index.php\/wp-json\/wp\/v2\/tags?post=132488"}],"curies":[{"name":"wp","href":"https:\/\/api.w.org\/{rel}","templated":true}]}}