{"id":132546,"date":"2024-03-13T21:09:44","date_gmt":"2024-03-14T00:09:44","guid":{"rendered":"https:\/\/corrientesdetarde.com\/?p=132546"},"modified":"2024-03-13T21:09:57","modified_gmt":"2024-03-14T00:09:57","slug":"por-la-ola-calor-suspenden-las-clases-presenciales-en-escuelas-de-el-impenetrable","status":"publish","type":"post","link":"https:\/\/corrientesdetarde.com\/index.php\/educacion\/por-la-ola-calor-suspenden-las-clases-presenciales-en-escuelas-de-el-impenetrable\/","title":{"rendered":"Por la ola calor, suspenden las clases presenciales en escuelas de El Impenetrable"},"content":{"rendered":"\n<p>Seg\u00fan la actuaci\u00f3n simple fechada este 13 de marzo del 2024 y rubricada por la profesora Cecilia Lemoine, directora de la DREP II, se suspenden las actividades escolares presenciales en el turno tarde de todas las instituciones educativas dependientes de esta regional educativa para el 13 y 14 de marzo del corriente a\u00f1o.<\/p>\n\n\n\n<p>A su vez, encomienda a los docentes de las instituciones educativas alcanzadas por la disposici\u00f3n a &#8220;contactarse con sus alumnos y enviarles tareas en forma virtual, siempre que se cuente con dicha posibilidad; o retirar la tarea de manera presencial&#8221;.<\/p>\n\n\n\n<p>&#8220;Caso contrario, trabajar pedag\u00f3gicamente para la recuperaci\u00f3n de saberes&#8221;, concluye el art\u00edculo 2.<\/p>\n\n\n\n<p>Entre los fundamentos, se destaca que las altas temperaturas reinantes en toda la zona, &#8220;impiden el normal desarrollo de las clases, provocando \u2013en muchos casos- consecuencias en la salud de los miembros de la comunidad educativa&#8221;.<\/p>\n\n\n\n<p>&#8220;Esta situaci\u00f3n se intensifica en el turno tarde, donde el calor se manifiesta con mayor magnitud&#8221;, concluye la actuaci\u00f3n simpe E-29-2024-22183.<\/p>\n\n\n\n<figure class=\"wp-block-image\"><img decoding=\"async\" src=\"https:\/\/www.diarionorte.com\/content\/bucket\/1\/356081w750h1105c.jpg.webp\" alt=\"\"\/><\/figure>\n","protected":false},"excerpt":{"rendered":"<p>Seg\u00fan la actuaci\u00f3n simple fechada este 13 de marzo del 2024 y rubricada por la profesora Cecilia Lemoine, directora de la DREP II, se suspenden las actividades escolares presenciales en&hellip; <\/p>\n","protected":false},"author":1,"featured_media":132549,"comment_status":"closed","ping_status":"open","sticky":false,"template":"","format":"standard","meta":{"footnotes":""},"categories":[32],"tags":[],"class_list":["post-132546","post","type-post","status-publish","format-standard","has-post-thumbnail","hentry","category-educacion"],"_links":{"self":[{"href":"https:\/\/corrientesdetarde.com\/index.php\/wp-json\/wp\/v2\/posts\/132546","targetHints":{"allow":["GET"]}}],"collection":[{"href":"https:\/\/corrientesdetarde.com\/index.php\/wp-json\/wp\/v2\/posts"}],"about":[{"href":"https:\/\/corrientesdetarde.com\/index.php\/wp-json\/wp\/v2\/types\/post"}],"author":[{"embeddable":true,"href":"https:\/\/corrientesdetarde.com\/index.php\/wp-json\/wp\/v2\/users\/1"}],"replies":[{"embeddable":true,"href":"https:\/\/corrientesdetarde.com\/index.php\/wp-json\/wp\/v2\/comments?post=132546"}],"version-history":[{"count":1,"href":"https:\/\/corrientesdetarde.com\/index.php\/wp-json\/wp\/v2\/posts\/132546\/revisions"}],"predecessor-version":[{"id":132550,"href":"https:\/\/corrientesdetarde.com\/index.php\/wp-json\/wp\/v2\/posts\/132546\/revisions\/132550"}],"wp:featuredmedia":[{"embeddable":true,"href":"https:\/\/corrientesdetarde.com\/index.php\/wp-json\/wp\/v2\/media\/132549"}],"wp:attachment":[{"href":"https:\/\/corrientesdetarde.com\/index.php\/wp-json\/wp\/v2\/media?parent=132546"}],"wp:term":[{"taxonomy":"category","embeddable":true,"href":"https:\/\/corrientesdetarde.com\/index.php\/wp-json\/wp\/v2\/categories?post=132546"},{"taxonomy":"post_tag","embeddable":true,"href":"https:\/\/corrientesdetarde.com\/index.php\/wp-json\/wp\/v2\/tags?post=132546"}],"curies":[{"name":"wp","href":"https:\/\/api.w.org\/{rel}","templated":true}]}}