{"id":132571,"date":"2024-03-13T21:50:29","date_gmt":"2024-03-14T00:50:29","guid":{"rendered":"https:\/\/corrientesdetarde.com\/?p=132571"},"modified":"2024-03-13T21:50:42","modified_gmt":"2024-03-14T00:50:42","slug":"una-investigacion-de-la-onu-asegura-que-un-tanque-israeli-mato-a-camarografo-de-reuters-claramente-identificable","status":"publish","type":"post","link":"https:\/\/corrientesdetarde.com\/index.php\/internacionales\/una-investigacion-de-la-onu-asegura-que-un-tanque-israeli-mato-a-camarografo-de-reuters-claramente-identificable\/","title":{"rendered":"Una investigaci\u00f3n de la ONU asegura que un tanque israel\u00ed mat\u00f3 a camar\u00f3grafo de Reuters &#8220;claramente identificable&#8221;"},"content":{"rendered":"\n<p>El informe sostuvo que el asesinato de Issam Abdallah constituye una violaci\u00f3n al derecho internacional.<\/p>\n\n\n\n<p><strong>Un tanque israel\u00ed\u00a0mat\u00f3 el a\u00f1o pasado en L\u00edbano a Issam Abdallah, reportero de Reuters, al disparar dos proyectiles de 120 mil\u00edmetros contra un grupo de &#8220;periodistas claramente identificables&#8221;<\/strong>, violando el derecho internacional, concluy\u00f3 una investigaci\u00f3n de la ONU sobre el incidente del 13 de octubre.<\/p>\n\n\n\n<p>La investigaci\u00f3n de la Fuerza Provisional de las Naciones Unidas en L\u00edbano (FPNUL), resumida en un informe al que tuvo acceso<em>&nbsp;Reuters<\/em>, afirm\u00f3 que su personal no registr\u00f3 ning\u00fan intercambio de disparos a trav\u00e9s de la frontera entre Israel y L\u00edbano durante m\u00e1s de 40 minutos antes de que el tanque israel\u00ed Merkava abriera fuego.<\/p>\n\n\n\n<p>&#8220;<strong>Disparar contra civiles, en este caso periodistas claramente identificables, constituye una violaci\u00f3n de la resoluci\u00f3n 1701 (2006) del Consejo de Seguridad de las Naciones Unidas y del derecho internacional&#8221;<\/strong>, dice el informe de la FPNUL.<\/p>\n\n\n\n<p>El informe de siete p\u00e1ginas fechado el 27 de febrero dijo adem\u00e1s: &#8220;Se considera que no hubo intercambio de disparos a trav\u00e9s de la L\u00ednea Azul en el momento del incidente.&nbsp;<strong>Se desconoce el motivo de los ataques a los periodistas<\/strong>&#8220;.<\/p>\n\n\n\n<p>En virtud de la resoluci\u00f3n 1701, adoptada en 2006 para poner fin a la guerra entre Israel y los combatientes libaneses de Hezbol\u00e1,&nbsp;<strong>se desplegaron fuerzas de paz de Naciones Unidas para supervisar un alto el fuego a lo largo de la l\u00ednea de demarcaci\u00f3n de 120 kil\u00f3metros, o l\u00ednea azul, entre Israel y L\u00edbano.<\/strong><\/p>\n\n\n\n<p>Como parte de su misi\u00f3n, las tropas de la ONU registran las violaciones del alto el fuego e investigan los casos m\u00e1s atroces.<\/p>\n\n\n\n<p>Adem\u00e1s de matar a Abdallah, los dos disparos de tanque<strong>&nbsp;hirieron tambi\u00e9n a otros seis periodistas<\/strong>&nbsp;que se encontraban en el lugar.<\/p>\n\n\n\n<p>Preguntado por el informe de la FPNUL, el portavoz de las Fuerzas de Defensa de Israel (IDF), Nir Dinar, declar\u00f3 que Hezbol\u00e1 atac\u00f3 a las IDF cerca de la comunidad israel\u00ed de Hanita el 13 de octubre. Respondieron con fuego de artiller\u00eda y tanques para eliminar la amenaza y despu\u00e9s recibieron un informe de que hab\u00eda periodistas heridos.<\/p>\n\n\n\n<p>&#8220;Las FDI deploran que se hiera a personas no implicadas y no disparan deliberadamente contra civiles, incluidos periodistas&#8221;, dijo Dinar. &#8220;Las FDI consideran que la libertad de prensa es de suma importancia, al tiempo que aclaran que estar en una zona de guerra es peligroso&#8221;.<\/p>\n\n\n\n<p>La redactora jefe de Reuters,<strong>&nbsp;Alessandra Galloni<\/strong>, pidi\u00f3 a Israel que explique c\u00f3mo pudo ocurrir el ataque en el que muri\u00f3 Abdallah, de 37 a\u00f1os, y que pida cuentas a los responsables.<\/p>\n\n\n\n<p>El informe de la FPNUL fue enviado a las Naciones Unidas en Nueva York el 28 de febrero y fue compartido con los ej\u00e9rcitos liban\u00e9s e israel\u00ed, indicaron dos personas familiarizadas con el asunto.<\/p>\n\n\n\n<p>&#8220;Las FDI deben llevar a cabo una investigaci\u00f3n sobre el incidente y una revisi\u00f3n completa de sus procedimientos en ese momento para evitar que se repita&#8221;, expone el informe en sus recomendaciones.<\/p>\n","protected":false},"excerpt":{"rendered":"<p>El informe sostuvo que el asesinato de Issam Abdallah constituye una violaci\u00f3n al derecho internacional. Un tanque israel\u00ed\u00a0mat\u00f3 el a\u00f1o pasado en L\u00edbano a Issam Abdallah, reportero de Reuters, al&hellip; <\/p>\n","protected":false},"author":4,"featured_media":132572,"comment_status":"closed","ping_status":"open","sticky":false,"template":"","format":"standard","meta":{"footnotes":""},"categories":[11],"tags":[],"class_list":["post-132571","post","type-post","status-publish","format-standard","has-post-thumbnail","hentry","category-internacionales"],"_links":{"self":[{"href":"https:\/\/corrientesdetarde.com\/index.php\/wp-json\/wp\/v2\/posts\/132571","targetHints":{"allow":["GET"]}}],"collection":[{"href":"https:\/\/corrientesdetarde.com\/index.php\/wp-json\/wp\/v2\/posts"}],"about":[{"href":"https:\/\/corrientesdetarde.com\/index.php\/wp-json\/wp\/v2\/types\/post"}],"author":[{"embeddable":true,"href":"https:\/\/corrientesdetarde.com\/index.php\/wp-json\/wp\/v2\/users\/4"}],"replies":[{"embeddable":true,"href":"https:\/\/corrientesdetarde.com\/index.php\/wp-json\/wp\/v2\/comments?post=132571"}],"version-history":[{"count":1,"href":"https:\/\/corrientesdetarde.com\/index.php\/wp-json\/wp\/v2\/posts\/132571\/revisions"}],"predecessor-version":[{"id":132573,"href":"https:\/\/corrientesdetarde.com\/index.php\/wp-json\/wp\/v2\/posts\/132571\/revisions\/132573"}],"wp:featuredmedia":[{"embeddable":true,"href":"https:\/\/corrientesdetarde.com\/index.php\/wp-json\/wp\/v2\/media\/132572"}],"wp:attachment":[{"href":"https:\/\/corrientesdetarde.com\/index.php\/wp-json\/wp\/v2\/media?parent=132571"}],"wp:term":[{"taxonomy":"category","embeddable":true,"href":"https:\/\/corrientesdetarde.com\/index.php\/wp-json\/wp\/v2\/categories?post=132571"},{"taxonomy":"post_tag","embeddable":true,"href":"https:\/\/corrientesdetarde.com\/index.php\/wp-json\/wp\/v2\/tags?post=132571"}],"curies":[{"name":"wp","href":"https:\/\/api.w.org\/{rel}","templated":true}]}}