{"id":132698,"date":"2024-03-14T10:06:31","date_gmt":"2024-03-14T13:06:31","guid":{"rendered":"https:\/\/corrientesdetarde.com\/?p=132698"},"modified":"2024-03-14T10:06:43","modified_gmt":"2024-03-14T13:06:43","slug":"goya-los-encantos-de-la-ciudad","status":"publish","type":"post","link":"https:\/\/corrientesdetarde.com\/index.php\/turismo\/goya-los-encantos-de-la-ciudad\/","title":{"rendered":"GOYA: Los encantos de la ciudad"},"content":{"rendered":"\n<p>Ubicada a orillas del r\u00edo Paran\u00e1 esta ciudad es un lugar ideal para visitar y recorrer, ya que es la segunda m\u00e1s poblada de la Provincia de Corrientes, ubicada a orillas del r\u00edo Paran\u00e1.&nbsp;Cuna del Surub\u00ed y Capital del Tabaco, en el aire de Goya se mezclan los olores del r\u00edo y los colores de la naturaleza que la caracteriza.<\/p>\n\n\n\n<p>Por lo tanto, regala un contexto cargado de oportunidades inolvidables que permiten capturar su hermosura y descubrir los encantos a trav\u00e9s de las diferentes propuestas tur\u00edsticas.<\/p>\n\n\n\n<p>Algunas de las opciones tur\u00edsticas m\u00e1s importantes son la Fiesta Nacional del Surub\u00ed, los carnavales goyanos, el Rally Nacional durante el mes de julio, encuentro de poetas y narradores de todo el mundo durante el mes de octubre, Fiesta del Inmigrante, un encuentro nacional e internacional de productores de cigarros, puros y m\u00e1s actividades y eventos que podr\u00e1n realizar en el paso por Goya.<\/p>\n\n\n\n<p>Adem\u00e1s, la regi\u00f3n se presta para contemplar su fauna, compuesta en su mayor\u00eda por ciervos del pantano, yacar\u00e9s, zorros del monte y carpinchos.<\/p>\n\n\n\n<p>Asimismo, la ciudad es denominada \u201cla Petit Par\u00eds\u201d como reflejo de otras \u00e9pocas en que la ciudad recib\u00eda artistas famosos en el Teatro Elsa, hoy Teatro Municipal.<\/p>\n\n\n\n<p>La ciudad no tuvo una fecha de fundaci\u00f3n, sino el reconocimiento, en 1772, con el nombre de Goya. En 1774 se la oficializ\u00f3 como posta del camino a Buenos Aires.<\/p>\n\n\n\n<p>El nombre deriva de los antiguos propietarios, el portugu\u00e9s Bernardo Olivera y su esposa, la correntina Gregoria (Goya) Morales, quienes instalaron sobre las m\u00e1rgenes del r\u00edo un almac\u00e9n \u2013 pulper\u00eda, famosos por sus quesos criollos. El sitio se reconoc\u00eda por su sobrenombre \u201cPuerto de Goya\u201d.<\/p>\n\n\n\n<p>En 1806 se construy\u00f3 la capilla y se la dedic\u00f3 a Nuestra Se\u00f1ora del Rosario, cuya imagen, seg\u00fan la tradici\u00f3n, fue tra\u00edda al lugar por Do\u00f1a Goya.<\/p>\n\n\n\n<p>Reci\u00e9n en 1812 se delinearon las calles. De esa \u00e9poca datan descripciones del lugar contenidas en las cr\u00f3nicas de viajeros como D\u00b4Orbigny y los hermanos Parish Robertson, quienes permanecieron en Goya durante 9 meses.<\/p>\n\n\n\n<p>Fue declarada villa en 1825 y se estructur\u00f3 como puerto de embarque y de llegada de carretas. En 1832 se expropiaron terrenos para venderlos como loteo urbano y durante las fiestas patronales, el 7 de octubre de 1852, se la elev\u00f3 a rango de ciudad.<\/p>\n\n\n\n<p><strong>Que hacer en la ciudad de Goya<\/strong><\/p>\n\n\n\n<p>Para los amantes de la pesca: la pesca es la anfitriona de miles de turistas que buscan al surub\u00ed, magn\u00edfico ejemplar que abunda en esta zona.&nbsp;<\/p>\n\n\n\n<p>Cada a\u00f1o se celebra la Fiesta Nacional del Surub\u00ed, la cual atrae a miles de apasionados por esta disciplina, creando un clima de adrenalina que se deja respirar durante toda la competencia. El visitante podr\u00e1 disfrutar en los r\u00edos de Goya, de la pesca con mosca, con se\u00f1uelos o carnadas de todo tipo.<\/p>\n\n\n\n<p>Otra propuesta es la Playa Municipal que se encuentra en la zona norte de la ciudad. Cuenta con paradores, sombrillas, arena para tirarse a descansar y una vista de ensue\u00f1o. Esta playa, junto al parque El Ing\u00e1, brindan las condiciones para pasar un hermoso d\u00eda en familia.<\/p>\n\n\n\n<p>Goya tambi\u00e9n cuenta con numerosos bancos de arena sobre el r\u00edo Paran\u00e1, los cuales son muy concurridos. Se puede llegar en lancha y son una opci\u00f3n m\u00e1s exclusiva para quienes busquen tranquilidad.<\/p>\n\n\n\n<p><strong>Recorridos para turistas<\/strong><\/p>\n\n\n\n<p><strong>Iglesia Catedral:&nbsp;<\/strong>cuenta con casi 122 a\u00f1os de existencia, inaugurada el 15 de agosto de 1884. Refaccionada y pintada \u00edntegramente en el a\u00f1o 2004, y la iluminaci\u00f3n exterior e interior del atrio y las torres fue agregada en este \u00faltimo a\u00f1o.<\/p>\n\n\n\n<p><strong>Museo de la Ciudad:<\/strong>&nbsp;est\u00e1 ubicado en el antiguo edificio del ferrocarril. Resguarda el patrimonio hist\u00f3rico de Goya y de toda la regi\u00f3n.<\/p>\n\n\n\n<p><strong>Museo del Surub\u00ed:<\/strong>&nbsp;se ubica en el flotante sobre la costanera. Contiene fotograf\u00edas, videos, afiches y trofeos del concurso de pesca m\u00e1s grande del mundo.<\/p>\n\n\n\n<p><strong>El paseo de la costa<\/strong>: permite disfrutar de la belleza natural que posee el riacho Goya y la reserva natural Isla Las Damas vista desde la ciudad.<\/p>\n\n\n\n<p><strong>Monumento al general San Mart\u00edn:<\/strong>&nbsp;este pr\u00f3cer argentino es originario de la provincia de Corrientes. En la plaza San Mart\u00edn se encuentra uno de los pocos monumentos donde aparece de pie.<\/p>\n\n\n\n<p><strong>Teatro Solari:<\/strong>&nbsp;es el teatro m\u00e1s antiguo del pa\u00eds en funcionamiento y fue declarado monumento hist\u00f3rico. Es una obra maestra de la arquitectura. Fue construido por Don Tom\u00e1s Mazzanti en 1873 con los mejores materiales de la \u00e9poca.<\/p>\n\n\n\n<p><strong>Deslumbrantes carnavales:<\/strong>&nbsp;durante los meses de enero y febrero los carnavales en Goya explotan en un show de magia entre plumas, lentejuelas, gente vibrando y luces.<\/p>\n\n\n\n<p><strong>Encuentro Internacional de Escritores:<\/strong>&nbsp;se trata de una reuni\u00f3n cultural donde participan los escritores, poetas, narradores, acad\u00e9micos y declamadores m\u00e1s destacados de Argentina y Am\u00e9rica del Sur.<\/p>\n\n\n\n<p><strong>El Motocross y el Rally:<\/strong>&nbsp;durante el mes de julio, esta ciudad es sede de una de las fechas que convoca a los mejores conductores del pa\u00eds. Con un trazado y un parque de servicios muy pocas veces visto, los pilotos demuestran su gran destreza. Un imperdible para los amantes de la adrenalina, autos y motos.<\/p>\n\n\n\n<figure class=\"wp-block-gallery has-nested-images columns-default is-cropped wp-block-gallery-1 is-layout-flex wp-block-gallery-is-layout-flex\">\n<figure class=\"wp-block-image size-large\"><img loading=\"lazy\" decoding=\"async\" width=\"682\" height=\"1024\" data-id=\"132703\" src=\"https:\/\/corrientesdetarde.com\/wp-content\/uploads\/2024\/03\/imagen-64917-682x1024.jpg\" alt=\"\" class=\"wp-image-132703\" srcset=\"https:\/\/corrientesdetarde.com\/wp-content\/uploads\/2024\/03\/imagen-64917-682x1024.jpg 682w, https:\/\/corrientesdetarde.com\/wp-content\/uploads\/2024\/03\/imagen-64917-200x300.jpg 200w, https:\/\/corrientesdetarde.com\/wp-content\/uploads\/2024\/03\/imagen-64917-768x1153.jpg 768w, https:\/\/corrientesdetarde.com\/wp-content\/uploads\/2024\/03\/imagen-64917-1023x1536.jpg 1023w, https:\/\/corrientesdetarde.com\/wp-content\/uploads\/2024\/03\/imagen-64917.jpg 1066w\" sizes=\"auto, (max-width: 682px) 100vw, 682px\" \/><\/figure>\n\n\n\n<figure class=\"wp-block-image size-large\"><img loading=\"lazy\" decoding=\"async\" width=\"720\" height=\"477\" data-id=\"132699\" src=\"https:\/\/corrientesdetarde.com\/wp-content\/uploads\/2024\/03\/imagen-64918.jpg\" alt=\"\" class=\"wp-image-132699\" srcset=\"https:\/\/corrientesdetarde.com\/wp-content\/uploads\/2024\/03\/imagen-64918.jpg 720w, https:\/\/corrientesdetarde.com\/wp-content\/uploads\/2024\/03\/imagen-64918-300x199.jpg 300w\" sizes=\"auto, (max-width: 720px) 100vw, 720px\" \/><\/figure>\n\n\n\n<figure class=\"wp-block-image size-large\"><img loading=\"lazy\" decoding=\"async\" width=\"773\" height=\"458\" data-id=\"132700\" src=\"https:\/\/corrientesdetarde.com\/wp-content\/uploads\/2024\/03\/imagen-64919.jpg\" alt=\"\" class=\"wp-image-132700\" srcset=\"https:\/\/corrientesdetarde.com\/wp-content\/uploads\/2024\/03\/imagen-64919.jpg 773w, https:\/\/corrientesdetarde.com\/wp-content\/uploads\/2024\/03\/imagen-64919-300x178.jpg 300w, https:\/\/corrientesdetarde.com\/wp-content\/uploads\/2024\/03\/imagen-64919-768x455.jpg 768w\" sizes=\"auto, (max-width: 773px) 100vw, 773px\" \/><\/figure>\n\n\n\n<figure class=\"wp-block-image size-large\"><img loading=\"lazy\" decoding=\"async\" width=\"775\" height=\"490\" data-id=\"132702\" src=\"https:\/\/corrientesdetarde.com\/wp-content\/uploads\/2024\/03\/imagen-64920.jpg\" alt=\"\" class=\"wp-image-132702\" srcset=\"https:\/\/corrientesdetarde.com\/wp-content\/uploads\/2024\/03\/imagen-64920.jpg 775w, https:\/\/corrientesdetarde.com\/wp-content\/uploads\/2024\/03\/imagen-64920-300x190.jpg 300w, https:\/\/corrientesdetarde.com\/wp-content\/uploads\/2024\/03\/imagen-64920-768x486.jpg 768w\" sizes=\"auto, (max-width: 775px) 100vw, 775px\" \/><\/figure>\n\n\n\n<figure class=\"wp-block-image size-large\"><img loading=\"lazy\" decoding=\"async\" width=\"1024\" height=\"682\" data-id=\"132704\" src=\"https:\/\/corrientesdetarde.com\/wp-content\/uploads\/2024\/03\/imagen-64921-1024x682.jpg\" alt=\"\" class=\"wp-image-132704\" srcset=\"https:\/\/corrientesdetarde.com\/wp-content\/uploads\/2024\/03\/imagen-64921-1024x682.jpg 1024w, https:\/\/corrientesdetarde.com\/wp-content\/uploads\/2024\/03\/imagen-64921-300x200.jpg 300w, https:\/\/corrientesdetarde.com\/wp-content\/uploads\/2024\/03\/imagen-64921-768x512.jpg 768w, https:\/\/corrientesdetarde.com\/wp-content\/uploads\/2024\/03\/imagen-64921-1536x1023.jpg 1536w, https:\/\/corrientesdetarde.com\/wp-content\/uploads\/2024\/03\/imagen-64921.jpg 1600w\" sizes=\"auto, (max-width: 1024px) 100vw, 1024px\" \/><\/figure>\n\n\n\n<figure class=\"wp-block-image size-large\"><img loading=\"lazy\" decoding=\"async\" width=\"720\" height=\"479\" data-id=\"132701\" src=\"https:\/\/corrientesdetarde.com\/wp-content\/uploads\/2024\/03\/imagen-64922.jpg\" alt=\"\" class=\"wp-image-132701\" srcset=\"https:\/\/corrientesdetarde.com\/wp-content\/uploads\/2024\/03\/imagen-64922.jpg 720w, https:\/\/corrientesdetarde.com\/wp-content\/uploads\/2024\/03\/imagen-64922-300x200.jpg 300w\" sizes=\"auto, (max-width: 720px) 100vw, 720px\" \/><\/figure>\n<\/figure>\n","protected":false},"excerpt":{"rendered":"<p>Ubicada a orillas del r\u00edo Paran\u00e1 esta ciudad es un lugar ideal para visitar y recorrer, ya que es la segunda m\u00e1s poblada de la Provincia de Corrientes, ubicada a&hellip; <\/p>\n","protected":false},"author":12,"featured_media":132699,"comment_status":"closed","ping_status":"open","sticky":false,"template":"","format":"standard","meta":{"footnotes":""},"categories":[1658,31],"tags":[],"class_list":["post-132698","post","type-post","status-publish","format-standard","has-post-thumbnail","hentry","category-interior","category-turismo"],"_links":{"self":[{"href":"https:\/\/corrientesdetarde.com\/index.php\/wp-json\/wp\/v2\/posts\/132698","targetHints":{"allow":["GET"]}}],"collection":[{"href":"https:\/\/corrientesdetarde.com\/index.php\/wp-json\/wp\/v2\/posts"}],"about":[{"href":"https:\/\/corrientesdetarde.com\/index.php\/wp-json\/wp\/v2\/types\/post"}],"author":[{"embeddable":true,"href":"https:\/\/corrientesdetarde.com\/index.php\/wp-json\/wp\/v2\/users\/12"}],"replies":[{"embeddable":true,"href":"https:\/\/corrientesdetarde.com\/index.php\/wp-json\/wp\/v2\/comments?post=132698"}],"version-history":[{"count":1,"href":"https:\/\/corrientesdetarde.com\/index.php\/wp-json\/wp\/v2\/posts\/132698\/revisions"}],"predecessor-version":[{"id":132705,"href":"https:\/\/corrientesdetarde.com\/index.php\/wp-json\/wp\/v2\/posts\/132698\/revisions\/132705"}],"wp:featuredmedia":[{"embeddable":true,"href":"https:\/\/corrientesdetarde.com\/index.php\/wp-json\/wp\/v2\/media\/132699"}],"wp:attachment":[{"href":"https:\/\/corrientesdetarde.com\/index.php\/wp-json\/wp\/v2\/media?parent=132698"}],"wp:term":[{"taxonomy":"category","embeddable":true,"href":"https:\/\/corrientesdetarde.com\/index.php\/wp-json\/wp\/v2\/categories?post=132698"},{"taxonomy":"post_tag","embeddable":true,"href":"https:\/\/corrientesdetarde.com\/index.php\/wp-json\/wp\/v2\/tags?post=132698"}],"curies":[{"name":"wp","href":"https:\/\/api.w.org\/{rel}","templated":true}]}}