{"id":132748,"date":"2024-03-14T12:37:15","date_gmt":"2024-03-14T15:37:15","guid":{"rendered":"https:\/\/corrientesdetarde.com\/?p=132748"},"modified":"2024-03-14T12:37:49","modified_gmt":"2024-03-14T15:37:49","slug":"el-lunes-18-se-realizara-el-lanzamiento-de-los-juegos-correntinos-2024","status":"publish","type":"post","link":"https:\/\/corrientesdetarde.com\/index.php\/eventossociedad\/el-lunes-18-se-realizara-el-lanzamiento-de-los-juegos-correntinos-2024\/","title":{"rendered":"El lunes 18 se realizar\u00e1 el lanzamiento de los \u201cJuegos Correntinos 2024\u201d"},"content":{"rendered":"\n<p>El multitudinario evento deportivo que une a j\u00f3venes de toda la Provincia, denominado \u201cJuegos Correntinos 2024\u201d, ser\u00e1 lanzado oficialmente el pr\u00f3ximo lunes 18 de marzo, a las 10 horas, en el Sal\u00f3n de Usos M\u00faltiples de la Secretar\u00eda de Deportes, en el barrio Ferr\u00e9 en Capital.<\/p>\n\n\n\n<p>Para este 2024, teniendo como par\u00e1metro el excelente nivel competitivo y participativo de la pasada edici\u00f3n 2023, se prev\u00e9 una gran inscripci\u00f3n de j\u00f3venes, adultos y personas con discapacidad.<\/p>\n\n\n\n<p>Los \u201cJuegos Correntinos 2024\u201d, se presentan como un programa de Gobierno, organizado y dirigido por la Secretar\u00eda de Deportes de la Provincia, a cargo de Jorge Terrile, articulando tareas con la Direcci\u00f3n General de Educaci\u00f3n F\u00edsica.<\/p>\n\n\n\n<p>Se estima la participaci\u00f3n de miles de deportistas entre j\u00f3venes, adultos mayores y personas con discapacidad, en m\u00e1s de 40 disciplinas, trabajando en forma conjunta con todas las comunas del interior para asegurar el \u00e9xito y desarrollo a pleno del cronograma de actividades.<\/p>\n\n\n\n<p>En lo estrictamente t\u00e9cnico, la competencia se dividir\u00e1 en 4 etapas deportivas: local, subzonal, zonal y provincial. Para ello, el territorio correntino se dividir\u00e1 en 6 zonas geogr\u00e1ficas deportivas, abarcando todos los municipios.<\/p>\n\n\n\n<p>Aquellos representativos y atletas clasificados en sus respectivas zonas, pasar\u00e1n a la etapa Provincial de la competencia. Desde la Secretar\u00eda de Deportes se invita a clubes e instituciones deportivas, equipos barriales que deseen formar parte de este gran evento.<\/p>\n\n\n\n<p>Las etapas de inscripci\u00f3n se extender\u00e1n hasta fines de marzo, mientras que las etapas locales iniciar\u00e1n en abril.<\/p>\n\n\n\n<p><strong>Invitaci\u00f3n<\/strong><\/p>\n\n\n\n<p>Al p\u00fablico en general y medios de prensa se invita a asistir al acto de lanzamiento programado para el pr\u00f3ximo lunes 18 de marzo, a partir de las 10, en el SUM de la entidad deportiva ubicada en el barrio Ferr\u00e9, edificio central.<\/p>\n\n\n\n<figure class=\"wp-block-gallery has-nested-images columns-default is-cropped wp-block-gallery-1 is-layout-flex wp-block-gallery-is-layout-flex\">\n<figure class=\"wp-block-image size-large\"><img loading=\"lazy\" decoding=\"async\" width=\"1024\" height=\"1024\" data-id=\"132750\" src=\"https:\/\/corrientesdetarde.com\/wp-content\/uploads\/2024\/03\/imagen-64923-1-1024x1024.png\" alt=\"\" class=\"wp-image-132750\" srcset=\"https:\/\/corrientesdetarde.com\/wp-content\/uploads\/2024\/03\/imagen-64923-1-1024x1024.png 1024w, https:\/\/corrientesdetarde.com\/wp-content\/uploads\/2024\/03\/imagen-64923-1-300x300.png 300w, https:\/\/corrientesdetarde.com\/wp-content\/uploads\/2024\/03\/imagen-64923-1-150x150.png 150w, https:\/\/corrientesdetarde.com\/wp-content\/uploads\/2024\/03\/imagen-64923-1-768x768.png 768w, https:\/\/corrientesdetarde.com\/wp-content\/uploads\/2024\/03\/imagen-64923-1-1536x1536.png 1536w, https:\/\/corrientesdetarde.com\/wp-content\/uploads\/2024\/03\/imagen-64923-1.png 1800w\" sizes=\"auto, (max-width: 1024px) 100vw, 1024px\" \/><\/figure>\n\n\n\n<figure class=\"wp-block-image size-large\"><img loading=\"lazy\" decoding=\"async\" width=\"1024\" height=\"576\" data-id=\"132751\" src=\"https:\/\/corrientesdetarde.com\/wp-content\/uploads\/2024\/03\/imagen-64924-1024x576.png\" alt=\"\" class=\"wp-image-132751\" srcset=\"https:\/\/corrientesdetarde.com\/wp-content\/uploads\/2024\/03\/imagen-64924-1024x576.png 1024w, https:\/\/corrientesdetarde.com\/wp-content\/uploads\/2024\/03\/imagen-64924-300x169.png 300w, https:\/\/corrientesdetarde.com\/wp-content\/uploads\/2024\/03\/imagen-64924-768x432.png 768w, https:\/\/corrientesdetarde.com\/wp-content\/uploads\/2024\/03\/imagen-64924-1536x864.png 1536w, https:\/\/corrientesdetarde.com\/wp-content\/uploads\/2024\/03\/imagen-64924.png 1920w\" sizes=\"auto, (max-width: 1024px) 100vw, 1024px\" \/><\/figure>\n<\/figure>\n","protected":false},"excerpt":{"rendered":"<p>El multitudinario evento deportivo que une a j\u00f3venes de toda la Provincia, denominado \u201cJuegos Correntinos 2024\u201d, ser\u00e1 lanzado oficialmente el pr\u00f3ximo lunes 18 de marzo, a las 10 horas, en&hellip; <\/p>\n","protected":false},"author":12,"featured_media":132749,"comment_status":"closed","ping_status":"open","sticky":false,"template":"","format":"standard","meta":{"footnotes":""},"categories":[1208],"tags":[],"class_list":["post-132748","post","type-post","status-publish","format-standard","has-post-thumbnail","hentry","category-eventossociedad"],"_links":{"self":[{"href":"https:\/\/corrientesdetarde.com\/index.php\/wp-json\/wp\/v2\/posts\/132748","targetHints":{"allow":["GET"]}}],"collection":[{"href":"https:\/\/corrientesdetarde.com\/index.php\/wp-json\/wp\/v2\/posts"}],"about":[{"href":"https:\/\/corrientesdetarde.com\/index.php\/wp-json\/wp\/v2\/types\/post"}],"author":[{"embeddable":true,"href":"https:\/\/corrientesdetarde.com\/index.php\/wp-json\/wp\/v2\/users\/12"}],"replies":[{"embeddable":true,"href":"https:\/\/corrientesdetarde.com\/index.php\/wp-json\/wp\/v2\/comments?post=132748"}],"version-history":[{"count":2,"href":"https:\/\/corrientesdetarde.com\/index.php\/wp-json\/wp\/v2\/posts\/132748\/revisions"}],"predecessor-version":[{"id":132754,"href":"https:\/\/corrientesdetarde.com\/index.php\/wp-json\/wp\/v2\/posts\/132748\/revisions\/132754"}],"wp:featuredmedia":[{"embeddable":true,"href":"https:\/\/corrientesdetarde.com\/index.php\/wp-json\/wp\/v2\/media\/132749"}],"wp:attachment":[{"href":"https:\/\/corrientesdetarde.com\/index.php\/wp-json\/wp\/v2\/media?parent=132748"}],"wp:term":[{"taxonomy":"category","embeddable":true,"href":"https:\/\/corrientesdetarde.com\/index.php\/wp-json\/wp\/v2\/categories?post=132748"},{"taxonomy":"post_tag","embeddable":true,"href":"https:\/\/corrientesdetarde.com\/index.php\/wp-json\/wp\/v2\/tags?post=132748"}],"curies":[{"name":"wp","href":"https:\/\/api.w.org\/{rel}","templated":true}]}}