{"id":132755,"date":"2024-03-14T13:13:00","date_gmt":"2024-03-14T16:13:00","guid":{"rendered":"https:\/\/corrientesdetarde.com\/?p=132755"},"modified":"2024-03-14T13:13:31","modified_gmt":"2024-03-14T16:13:31","slug":"el-gobierno-ahora-busca-bajar-la-tension-tras-el-conflicto-por-la-sesion-del-mega-dnu-no-hay-interna","status":"publish","type":"post","link":"https:\/\/corrientesdetarde.com\/index.php\/nacionales\/el-gobierno-ahora-busca-bajar-la-tension-tras-el-conflicto-por-la-sesion-del-mega-dnu-no-hay-interna\/","title":{"rendered":"El Gobierno ahora busca bajar la tensi\u00f3n tras el conflicto por la sesi\u00f3n del mega DNU: \u201cNo hay interna\u201d"},"content":{"rendered":"\n<p>El vocero presidencial, Manuel Adorni, asegur\u00f3 que el duro mensaje difundido ayer por la Casa Rosada no fue dirigido a la Vicepresidenta sino \u201ca toda la casta pol\u00edtica\u201d. \u201cHubo una mala lectura del comunicado\u201d, consider\u00f3 el funcionario.<\/p>\n\n\n\n<p>En la previa al tratamiento del mega DNU de\u00a0Javier Milei\u00a0en el Senado, el vocero presidencial,\u00a0Manuel Adorni, sali\u00f3 a intentar calmar las aguas en el Gobierno tras el\u00a0duro mensaje difundido ayer por la Casa Rosada\u00a0luego de que la Vicepresidenta,\u00a0Victoria Villarruel, convocara a la\u00a0sesi\u00f3n de hoy en la C\u00e1mara Alta.<\/p>\n\n\n\n<p>\u201c<strong>Hubo una mala lectura del comunicado. Estaba dedicado a toda la casta pol\u00edtica<\/strong>. Desconocemos por qu\u00e9 se hizo una lectura desacertada y se relacion\u00f3 el comunicado con un mensaje dirigido a la Vicepresidenta\u201d, asegur\u00f3 el funcionario, en el marco de su conferencia de prensa diaria.<\/p>\n\n\n\n<p>Luego, y ante las preguntas al respecto de los periodistas presentes, Adorni insisti\u00f3: \u201cHacen un mundo donde no lo hay.&nbsp;<strong>No hay ning\u00fan problema en la relaci\u00f3n entre el Presidente y la Vicepresidenta.<\/strong>&nbsp;No hay ninguna interna\u201d.<\/p>\n\n\n\n<p>Las palabras del portavoz buscan bajar la tensi\u00f3n en el oficialismo, luego del temblor que gener\u00f3 en el Gobierno el\u00a0cruce de ayer entre los dos jefes del Poder Ejecutivo  . Adorni, tambi\u00e9n, sum\u00f3 presi\u00f3n a los senadores antes del debate del megadecreto de Milei vigente desde fines del a\u00f1o pasado: \u201cQuienes lo rechacen van a ser los responsables de que el Senado vote en contra de un DNU por primera vez en la historia\u201d, indic\u00f3.<\/p>\n\n\n\n<p>En ese sentido, enumer\u00f3 varios de los cambios que la medida tomada por el Presidente trajo al pa\u00eds, y resalt\u00f3: \u201cEn noviembre de 2023, el pueblo argentino eligi\u00f3 avanzar de manera inequ\u00edvoca en un camino nuevo. Casi el 40% de los art\u00edculos del DNU que hoy se va a debatir en el Senado modifican o derogan leyes dictadas en los gobiernos de Ongan\u00eda y Videla que, por supuesto, pon\u00edan grandes restricciones a libertades individuales y comerciales\u201d.<\/p>\n\n\n\n<p>\u201c<strong>Quedar\u00e1 en la conciencia de cada senador votar a favor o en contra de otorgarle m\u00e1s libertad a los argentinos<\/strong>\u201d, declar\u00f3.<\/p>\n\n\n\n<p>Por otro lado, Adorni confirm\u00f3 que hoy fue publicado el nuevo reglamento para el uso de armas de fuego en las fuerzas federales. \u201cAhora los polic\u00edas van a poder usar sus armas de fuego contra los delincuentes que opongan resistencia o se est\u00e9n dando a la fuga. Asimismo, en determinadas situaciones en las que los efectivos se encuentren en inferioridad num\u00e9rica o en riesgo, el agente de Polic\u00eda no estar\u00e1 obligado a dar la voz de alto antes de disparar\u201d, destac\u00f3.<\/p>\n","protected":false},"excerpt":{"rendered":"<p>El vocero presidencial, Manuel Adorni, asegur\u00f3 que el duro mensaje difundido ayer por la Casa Rosada no fue dirigido a la Vicepresidenta sino \u201ca toda la casta pol\u00edtica\u201d. \u201cHubo una&hellip; <\/p>\n","protected":false},"author":8,"featured_media":132756,"comment_status":"closed","ping_status":"open","sticky":false,"template":"","format":"standard","meta":{"footnotes":""},"categories":[10],"tags":[],"class_list":["post-132755","post","type-post","status-publish","format-standard","has-post-thumbnail","hentry","category-nacionales"],"_links":{"self":[{"href":"https:\/\/corrientesdetarde.com\/index.php\/wp-json\/wp\/v2\/posts\/132755","targetHints":{"allow":["GET"]}}],"collection":[{"href":"https:\/\/corrientesdetarde.com\/index.php\/wp-json\/wp\/v2\/posts"}],"about":[{"href":"https:\/\/corrientesdetarde.com\/index.php\/wp-json\/wp\/v2\/types\/post"}],"author":[{"embeddable":true,"href":"https:\/\/corrientesdetarde.com\/index.php\/wp-json\/wp\/v2\/users\/8"}],"replies":[{"embeddable":true,"href":"https:\/\/corrientesdetarde.com\/index.php\/wp-json\/wp\/v2\/comments?post=132755"}],"version-history":[{"count":1,"href":"https:\/\/corrientesdetarde.com\/index.php\/wp-json\/wp\/v2\/posts\/132755\/revisions"}],"predecessor-version":[{"id":132757,"href":"https:\/\/corrientesdetarde.com\/index.php\/wp-json\/wp\/v2\/posts\/132755\/revisions\/132757"}],"wp:featuredmedia":[{"embeddable":true,"href":"https:\/\/corrientesdetarde.com\/index.php\/wp-json\/wp\/v2\/media\/132756"}],"wp:attachment":[{"href":"https:\/\/corrientesdetarde.com\/index.php\/wp-json\/wp\/v2\/media?parent=132755"}],"wp:term":[{"taxonomy":"category","embeddable":true,"href":"https:\/\/corrientesdetarde.com\/index.php\/wp-json\/wp\/v2\/categories?post=132755"},{"taxonomy":"post_tag","embeddable":true,"href":"https:\/\/corrientesdetarde.com\/index.php\/wp-json\/wp\/v2\/tags?post=132755"}],"curies":[{"name":"wp","href":"https:\/\/api.w.org\/{rel}","templated":true}]}}